{"id":634,"date":"2015-12-21T15:18:41","date_gmt":"2015-12-21T15:18:41","guid":{"rendered":"http:\/\/poloniabrasil.org.br\/?p=634"},"modified":"2015-12-21T15:18:41","modified_gmt":"2015-12-21T15:18:41","slug":"paulo-leminski-sua-origem-e-influencia-polonesa-em-exposicao-na-capital-gaucha","status":"publish","type":"post","link":"https:\/\/poloniabrasil.org.br\/site\/2015\/12\/21\/paulo-leminski-sua-origem-e-influencia-polonesa-em-exposicao-na-capital-gaucha\/","title":{"rendered":"Paulo Leminski, sua origem e influ\u00eancia polonesa em exposi\u00e7\u00e3o na capital ga\u00facha."},"content":{"rendered":"<p><!--:pt--><figure id=\"attachment_635\" aria-describedby=\"caption-attachment-635\" style=\"width: 705px\" class=\"wp-caption aligncenter\"><a href=\"http:\/\/poloniabrasil.org.br\/wp-content\/uploads\/2016\/02\/Abertura-evento-em-Porto-Alegre_20151217.jpg\"><img loading=\"lazy\" decoding=\"async\" class=\"wp-image-635\" src=\"http:\/\/poloniabrasil.org.br\/wp-content\/uploads\/2016\/02\/Abertura-evento-em-Porto-Alegre_20151217.jpg\" alt=\"(Abertura da exposi\u00e7\u00e3o em Porto Alegre-RS)\" width=\"705\" height=\"470\" srcset=\"https:\/\/poloniabrasil.org.br\/site\/wp-content\/uploads\/2016\/02\/Abertura-evento-em-Porto-Alegre_20151217.jpg 921w, https:\/\/poloniabrasil.org.br\/site\/wp-content\/uploads\/2016\/02\/Abertura-evento-em-Porto-Alegre_20151217-300x200.jpg 300w, https:\/\/poloniabrasil.org.br\/site\/wp-content\/uploads\/2016\/02\/Abertura-evento-em-Porto-Alegre_20151217-768x513.jpg 768w\" sizes=\"auto, (max-width: 705px) 100vw, 705px\" \/><\/a><figcaption id=\"caption-attachment-635\" class=\"wp-caption-text\">(Abertura da exposi\u00e7\u00e3o &#8220;Meu cora\u00e7\u00e3o de polaco voltou&#8221; em Porto Alegre-RS)<\/figcaption><\/figure><\/p>\n<p>No dia 17 de dezembro, Porto Alegre no Rio Grande do Sul, recebeu o projeto \u201c<strong>Meu cora\u00e7\u00e3o de polaco voltou<\/strong>\u201d e assim como ocorreu em Curitiba na sede da <strong>Casa da Cultura Pol\u00f4nia Brasil<\/strong> o evento contou com abertura da exposi\u00e7\u00e3o e lan\u00e7amento do livro bil\u00edngue e in\u00e9dito no Brasil <strong>\u201cMeu cora\u00e7\u00e3o de polaco voltou\u201d<\/strong> traduzido pelo <strong>Prof. Piotr Kilanowski<\/strong> (UFPR, Brasil), evento que aconteceu no <strong>Memorial do Rio Grande do Sul<\/strong> e recebeu cerca de 150 pessoas, entre elas: <strong>Schirlei M. Freder<\/strong> presidente da Casa da Cultura Pol\u00f4nia Brasil, <strong>Aurea Leminski<\/strong>, filha do poeta curitibano, respons\u00e1veis pela realiza\u00e7\u00e3o do projeto, al\u00e9m de autoridades e convidados como: <strong>Wilson Rodycz<\/strong> C\u00f4nsul Honor\u00e1rio da Rep\u00fablica da Pol\u00f4nia em Porto Alegre,\u00a0 <strong>Fernando Lorenz de Azevedo<\/strong> C\u00f4nsul Honor\u00e1rio da Rep\u00fablica Tcheca em Porto Alegre, <strong>Lucie Lachoutov\u00e1 Natal de Luz<\/strong>, C\u00f4nsul Geral da Rep\u00fablica Tcheca em S\u00e3o Paulo, <strong>Tiago Halewicz <\/strong>diretor cultural da Casamundi, \u00a0<strong>Sidney Ordakowski<\/strong> da Editora Rodycz &amp; Ordakowsk, <strong>Rafaela Pechansky<\/strong>\u00a0 assessoria de imprensa da Casamund e <strong>Maria Helena Nunes<\/strong> diretora do Memorial do Rio Grande do Sul.<\/p>\n<p><a href=\"http:\/\/poloniabrasil.org.br\/wp-content\/uploads\/2016\/02\/Entrevistas_TVE-e-FM-Cultura-da-Funda\u00e7\u00e3o-Piratini.jpg\"><img loading=\"lazy\" decoding=\"async\" class=\"aligncenter  wp-image-636\" src=\"http:\/\/poloniabrasil.org.br\/wp-content\/uploads\/2016\/02\/Entrevistas_TVE-e-FM-Cultura-da-Funda\u00e7\u00e3o-Piratini.jpg\" alt=\"Entrevistas_TVE e FM Cultura da Funda\u00e7\u00e3o Piratini\" width=\"705\" height=\"479\" \/><\/a><\/p>\n<p>O evento que foi bastante divulgado nos meios de comunica\u00e7\u00e3o e m\u00eddias sociais, contou com entrevistas para TVE e FM Cultura da Funda\u00e7\u00e3o Piratini &#8211; R\u00e1dio e Televis\u00e3o de Porto Alegre, RS, nas quais Aurea Leminski e Schirlei M. Freder falaram sobre o desafio de mostrar ao p\u00fablico um pouco da origem e influ\u00eancia polonesa do escritor paranaense em sua obra.<\/p>\n<figure id=\"attachment_637\" aria-describedby=\"caption-attachment-637\" style=\"width: 705px\" class=\"wp-caption alignnone\"><a href=\"http:\/\/poloniabrasil.org.br\/wp-content\/uploads\/2016\/02\/DSC_0092.jpg\"><img loading=\"lazy\" decoding=\"async\" class=\"wp-image-637\" src=\"http:\/\/poloniabrasil.org.br\/wp-content\/uploads\/2016\/02\/DSC_0092.jpg\" alt=\"DSC_0092\" width=\"705\" height=\"471\" \/><\/a><figcaption id=\"caption-attachment-637\" class=\"wp-caption-text\">(Exposi\u00e7\u00e3o &#8220;Meu cora\u00e7\u00e3o de polaco voltou&#8221; no Memorial do Rio Grande do Sul.)<\/figcaption><\/figure>\n<p>A exposi\u00e7\u00e3o traz pain\u00e9is com fotos e documentos de fam\u00edlia, alguns objetos pessoais do poeta e um v\u00eddeo com trecho do filme \u201cVida e Sangue de Polaco\u201d de Sylvio Back, de 1983. A exposi\u00e7\u00e3o que foi aberta ao p\u00fablico no dia 17 vai at\u00e9 ter\u00e7a-feira 09 de fevereiro de 2016, depois seguir\u00e1 em itiner\u00e2ncia por outras cidades. A exposi\u00e7\u00e3o com curadoria das filhas do poeta, <strong>Aurea <\/strong>e <strong>Estrela Leminski<\/strong> contempla elementos familiares e parte da pesquisa geneal\u00f3gica iniciada por elas, al\u00e9m disso, com o lan\u00e7amento do livro originalmente lan\u00e7ado na Pol\u00f4nia o projeto confirma a import\u00e2ncia de Paulo Leminski para os muitos movimentos po\u00e9ticos das \u00faltimas d\u00e9cadas, autor reconhecido em todo pa\u00eds e fora do Brasil tamb\u00e9m.<\/p>\n<p>&nbsp;<\/p>\n<p style=\"text-align: center;\">***<\/p>\n<p><!--:--><\/p>\n","protected":false},"excerpt":{"rendered":"<p>No dia 17 de dezembro, Porto Alegre no Rio Grande do Sul, recebeu o projeto \u201cMeu cora\u00e7\u00e3o de polaco voltou\u201d e assim como ocorreu em Curitiba na sede da Casa da Cultura Pol\u00f4nia Brasil o evento contou com abertura da exposi\u00e7\u00e3o e lan\u00e7amento do livro bil\u00edngue e in\u00e9dito no Brasil \u201cMeu cora\u00e7\u00e3o de polaco voltou\u201d [&hellip;]<\/p>\n","protected":false},"author":1,"featured_media":637,"comment_status":"closed","ping_status":"closed","sticky":false,"template":"","format":"standard","meta":{"advgb_blocks_editor_width":"","advgb_blocks_columns_visual_guide":"","site-sidebar-layout":"default","site-content-layout":"","ast-site-content-layout":"","site-content-style":"default","site-sidebar-style":"default","ast-global-header-display":"","ast-banner-title-visibility":"","ast-main-header-display":"","ast-hfb-above-header-display":"","ast-hfb-below-header-display":"","ast-hfb-mobile-header-display":"","site-post-title":"","ast-breadcrumbs-content":"","ast-featured-img":"","footer-sml-layout":"","theme-transparent-header-meta":"","adv-header-id-meta":"","stick-header-meta":"","header-above-stick-meta":"","header-main-stick-meta":"","header-below-stick-meta":"","astra-migrate-meta-layouts":"default","ast-page-background-enabled":"default","ast-page-background-meta":{"desktop":{"background-color":"var(--ast-global-color-4)","background-image":"","background-repeat":"repeat","background-position":"center center","background-size":"auto","background-attachment":"scroll","background-type":"","background-media":"","overlay-type":"","overlay-color":"","overlay-opacity":"","overlay-gradient":""},"tablet":{"background-color":"","background-image":"","background-repeat":"repeat","background-position":"center center","background-size":"auto","background-attachment":"scroll","background-type":"","background-media":"","overlay-type":"","overlay-color":"","overlay-opacity":"","overlay-gradient":""},"mobile":{"background-color":"","background-image":"","background-repeat":"repeat","background-position":"center center","background-size":"auto","background-attachment":"scroll","background-type":"","background-media":"","overlay-type":"","overlay-color":"","overlay-opacity":"","overlay-gradient":""}},"ast-content-background-meta":{"desktop":{"background-color":"var(--ast-global-color-5)","background-image":"","background-repeat":"repeat","background-position":"center center","background-size":"auto","background-attachment":"scroll","background-type":"","background-media":"","overlay-type":"","overlay-color":"","overlay-opacity":"","overlay-gradient":""},"tablet":{"background-color":"var(--ast-global-color-5)","background-image":"","background-repeat":"repeat","background-position":"center center","background-size":"auto","background-attachment":"scroll","background-type":"","background-media":"","overlay-type":"","overlay-color":"","overlay-opacity":"","overlay-gradient":""},"mobile":{"background-color":"var(--ast-global-color-5)","background-image":"","background-repeat":"repeat","background-position":"center center","background-size":"auto","background-attachment":"scroll","background-type":"","background-media":"","overlay-type":"","overlay-color":"","overlay-opacity":"","overlay-gradient":""}},"_jetpack_memberships_contains_paid_content":false,"footnotes":""},"categories":[5,3,2,7,4],"tags":[20,101,38,23,64],"class_list":["post-634","post","type-post","status-publish","format-standard","has-post-thumbnail","hentry","category-eventos","category-galeria-fotos","category-noticias","category-projetos-e-iniciativas","category-publicacoes","tag-exposicao","tag-itinerancia","tag-livros","tag-paulo-leminski","tag-porto-alegre"],"author_meta":{"display_name":"adm_casa","author_link":"https:\/\/poloniabrasil.org.br\/site\/author\/adm_casa\/"},"featured_img":"https:\/\/poloniabrasil.org.br\/site\/wp-content\/uploads\/2016\/02\/DSC_0092-300x201.jpg","jetpack_featured_media_url":"https:\/\/poloniabrasil.org.br\/site\/wp-content\/uploads\/2016\/02\/DSC_0092-scaled.jpg","coauthors":[],"tax_additional":{"categories":{"linked":["<a href=\"https:\/\/poloniabrasil.org.br\/site\/category\/eventos\/\" class=\"advgb-post-tax-term\">Eventos<\/a>","<a href=\"https:\/\/poloniabrasil.org.br\/site\/category\/galeria-fotos\/\" class=\"advgb-post-tax-term\">Galeria de Fotos<\/a>","<a href=\"https:\/\/poloniabrasil.org.br\/site\/category\/noticias\/\" class=\"advgb-post-tax-term\">Not\u00edcias<\/a>","<a href=\"https:\/\/poloniabrasil.org.br\/site\/category\/projetos-e-iniciativas\/\" class=\"advgb-post-tax-term\">Projetos e Iniciativas<\/a>","<a href=\"https:\/\/poloniabrasil.org.br\/site\/category\/publicacoes\/\" class=\"advgb-post-tax-term\">Publica\u00e7\u00f5es e Pesquisas<\/a>"],"unlinked":["<span class=\"advgb-post-tax-term\">Eventos<\/span>","<span class=\"advgb-post-tax-term\">Galeria de Fotos<\/span>","<span class=\"advgb-post-tax-term\">Not\u00edcias<\/span>","<span class=\"advgb-post-tax-term\">Projetos e Iniciativas<\/span>","<span class=\"advgb-post-tax-term\">Publica\u00e7\u00f5es e Pesquisas<\/span>"]},"tags":{"linked":["<a href=\"https:\/\/poloniabrasil.org.br\/site\/category\/publicacoes\/\" class=\"advgb-post-tax-term\">Exposi\u00e7\u00e3o<\/a>","<a href=\"https:\/\/poloniabrasil.org.br\/site\/category\/publicacoes\/\" class=\"advgb-post-tax-term\">Itiner\u00e2ncia<\/a>","<a href=\"https:\/\/poloniabrasil.org.br\/site\/category\/publicacoes\/\" class=\"advgb-post-tax-term\">Livros<\/a>","<a href=\"https:\/\/poloniabrasil.org.br\/site\/category\/publicacoes\/\" class=\"advgb-post-tax-term\">Paulo Leminski<\/a>","<a href=\"https:\/\/poloniabrasil.org.br\/site\/category\/publicacoes\/\" class=\"advgb-post-tax-term\">Porto Alegre<\/a>"],"unlinked":["<span class=\"advgb-post-tax-term\">Exposi\u00e7\u00e3o<\/span>","<span class=\"advgb-post-tax-term\">Itiner\u00e2ncia<\/span>","<span class=\"advgb-post-tax-term\">Livros<\/span>","<span class=\"advgb-post-tax-term\">Paulo Leminski<\/span>","<span class=\"advgb-post-tax-term\">Porto Alegre<\/span>"]}},"comment_count":"0","relative_dates":{"created":"Publicado 10 anos atr\u00e1s","modified":"Atualizado 10 anos atr\u00e1s"},"absolute_dates":{"created":"Publicado em 21 de dezembro de 2015","modified":"Atualizado em 21 de dezembro de 2015"},"absolute_dates_time":{"created":"Publicado em 21 de dezembro de 2015 15:18","modified":"Atualizado em 21 de dezembro de 2015 15:18"},"featured_img_caption":"","series_order":"","jetpack_sharing_enabled":true,"_links":{"self":[{"href":"https:\/\/poloniabrasil.org.br\/site\/wp-json\/wp\/v2\/posts\/634","targetHints":{"allow":["GET"]}}],"collection":[{"href":"https:\/\/poloniabrasil.org.br\/site\/wp-json\/wp\/v2\/posts"}],"about":[{"href":"https:\/\/poloniabrasil.org.br\/site\/wp-json\/wp\/v2\/types\/post"}],"author":[{"embeddable":true,"href":"https:\/\/poloniabrasil.org.br\/site\/wp-json\/wp\/v2\/users\/1"}],"replies":[{"embeddable":true,"href":"https:\/\/poloniabrasil.org.br\/site\/wp-json\/wp\/v2\/comments?post=634"}],"version-history":[{"count":0,"href":"https:\/\/poloniabrasil.org.br\/site\/wp-json\/wp\/v2\/posts\/634\/revisions"}],"wp:featuredmedia":[{"embeddable":true,"href":"https:\/\/poloniabrasil.org.br\/site\/wp-json\/wp\/v2\/media\/637"}],"wp:attachment":[{"href":"https:\/\/poloniabrasil.org.br\/site\/wp-json\/wp\/v2\/media?parent=634"}],"wp:term":[{"taxonomy":"category","embeddable":true,"href":"https:\/\/poloniabrasil.org.br\/site\/wp-json\/wp\/v2\/categories?post=634"},{"taxonomy":"post_tag","embeddable":true,"href":"https:\/\/poloniabrasil.org.br\/site\/wp-json\/wp\/v2\/tags?post=634"}],"curies":[{"name":"wp","href":"https:\/\/api.w.org\/{rel}","templated":true}]}}