{"id":615,"date":"2016-02-05T08:48:31","date_gmt":"2016-02-05T08:48:31","guid":{"rendered":"http:\/\/poloniabrasil.org.br\/?p=615"},"modified":"2016-02-05T08:48:31","modified_gmt":"2016-02-05T08:48:31","slug":"casa-da-cultura-polonia-brasil-abre-inscricoes-para-o-curso-de-polones-2016","status":"publish","type":"post","link":"https:\/\/poloniabrasil.org.br\/site\/2016\/02\/05\/casa-da-cultura-polonia-brasil-abre-inscricoes-para-o-curso-de-polones-2016\/","title":{"rendered":"Casa da Cultura Pol\u00f4nia Brasil abre inscri\u00e7\u00f5es para o curso de polon\u00eas 2016."},"content":{"rendered":"<p><!--:pt--><a href=\"http:\/\/poloniabrasil.org.br\/wp-content\/uploads\/2016\/02\/Fotos-Curso-Polon\u00eas_CCPB_1.jpg\"><img loading=\"lazy\" decoding=\"async\" class=\"aligncenter size-full wp-image-617\" src=\"http:\/\/poloniabrasil.org.br\/wp-content\/uploads\/2016\/02\/Fotos-Curso-Polon\u00eas_CCPB_1.jpg\" alt=\"Fotos Curso Polon\u00eas_CCPB_1\" width=\"640\" height=\"480\" \/><\/a><\/p>\n<p>A <strong>Casa da Cultura Pol\u00f4nia Brasil<\/strong>, uma associa\u00e7\u00e3o sem fins lucrativos cujo principal objetivo \u00e9 atender aos associados e comunidade oferecendo atividades e produtos culturais que promovam a cultura polonesa e brasileira e contemplem o interc\u00e2mbio entre os dois pa\u00edses, abre inscri\u00e7\u00f5es para o <strong>curso de polon\u00eas \u201cUczmy si\u0119 razem\u201d<\/strong> na modalidade presencial.<\/p>\n<p>E por falar em cultura, sabemos que o idioma \u00e9: se n\u00e3o o mais importante, um dos principais elementos quando falamos de autonomia e soberania de um povo. O idioma faz parte de um conjunto de valores que difere um grupo do outro, conferindo-lhes identidade, por esse motivo e considerando a crescente procura pelo idioma e outras atividades que contemplem a cultura polonesa,\u00a0a institui\u00e7\u00e3o decidiu abrir as primeiras turmas em 2015 e neste ano dar\u00e1 continuidade com novas turmas e hor\u00e1rios para atender os diferentes n\u00edveis.<\/p>\n<p>Oferecer o curso de idioma polon\u00eas em sua sede na capital paranaense foi um grande passo para consolida\u00e7\u00e3o da institui\u00e7\u00e3o junto \u00e0 comunidade e o reconhecimento de seus pares.\u00a0\u00a0Considerando que a cidade de Curitiba \u00e9 a segunda, depois de Chicago (E.U.A) em n\u00famero de imigrantes poloneses e descendentes no mundo, criar um curso do idioma com ado\u00e7\u00e3o de material did\u00e1tico atual para atender aos diferentes p\u00fablicos e interesses\u00a0\u00e9 um grande desafio a ser vencido a cada dia, para tanto, <strong>a Casa da Cultura Pol\u00f4nia Brasil<\/strong> conta com professores qualificados, material did\u00e1tico elaborado na Pol\u00f4nia e atividades culturais e de conversa\u00e7\u00e3o frequentes para atender seus alunos com qualidade, a fim de obter melhores resultados.<\/p>\n<p>As inscri\u00e7\u00f5es est\u00e3o abertas e as aulas t\u00eam previs\u00e3o para iniciar em 02 de mar\u00e7o. Vale lembrar que os associados da <strong>Casa da Cultura Pol\u00f4nia Brasil<\/strong> t\u00eam descontos e outras vantagens, para saber mais entre em contato atrav\u00e9s do email:\u00a0<a href=\"mailto:idioma@poloniabrasil.org.br\">idioma@poloniabrasil.org.br<\/a><\/p>\n<p>&nbsp;<\/p>\n<p><strong>SERVI\u00c7O:<\/strong><\/p>\n<p>Curso de Polon\u00eas &#8220;Uczmy si\u0119 razem&#8221;<\/p>\n<p>Onde: Casa da Cultura Pol\u00f4nia Brasil<\/p>\n<p>Rua \u00c9bano Pereira, 502 &#8211; Centro &#8211; Curitiba &#8211; PR<\/p>\n<p>Fone: (41) 3088-0708<!--:--><!--:pl--><\/p>\n<p><a href=\"http:\/\/poloniabrasil.org.br\/wp-content\/uploads\/2016\/02\/Fotos-Curso-Polon\u00eas_CCPB_11.jpg\"><img loading=\"lazy\" decoding=\"async\" class=\"aligncenter size-full wp-image-1153\" src=\"http:\/\/poloniabrasil.org.br\/wp-content\/uploads\/2016\/02\/Fotos-Curso-Polon\u00eas_CCPB_11.jpg\" alt=\"Fotos-Curso-Polon\u00eas_CCPB_1\" width=\"640\" height=\"480\" \/><\/a><\/p>\n<p><strong>Dom Kultury Polska-Brazylia<\/strong> &#8211; stowarzyszenie non-profit, kt\u00f3rego g\u0142\u00f3wnym celem jest zadowolenie stowarzyszonych oraz spo\u0142eczno\u015bci, oferuj\u0105c aktywno\u015bci i produkty kulturowe, kt\u00f3re promuj\u0105 kultur\u0119 polsk\u0105 i brazylijsk\u0105 oraz wymian\u0119 mi\u0119dzy dwoma krajami &#8211; otwiera zapisy na <strong>kurs j\u0119zyka polskiego \u201eUczmy si\u0119 razem\u201d<\/strong>.<\/p>\n<p>&nbsp;<\/p>\n<p>M\u00f3wi\u0105c o kulturze wiemy, \u017ce j\u0119zyk jest jednym z najwa\u017cniejszych element\u00f3w (je\u015bli nie najwa\u017cniejszym), je\u015bli chodzi o autonomi\u0119 i niepodleg\u0142o\u015b\u0107 ludu. J\u0119zyk stanowi cz\u0119\u015b\u0107 warto\u015bci, kt\u00f3re wyr\u00f3\u017cniaj\u0105 dan\u0105 grup\u0119 od drugiej, nadaj\u0105c jej to\u017csamo\u015b\u0107. Z tego powodu, bior\u0105c pod uwag\u0119 rosn\u0105ce zainteresowanie j\u0119zykiem i innymi aktywno\u015bciami zwi\u0105zanymi z polsk\u0105 kultur\u0105, instytucja zdecydowa\u0142a si\u0119 otworzy\u0107 pierwsze grupy w 2015 roku. W tym roku bowiem otworzy nowe grupy, oferuj\u0105c r\u00f3\u017cne pory zaj\u0119\u0107 i uwzgl\u0119dniaj\u0105c r\u00f3\u017cne poziomy zaawansowania.<\/p>\n<p>&nbsp;<\/p>\n<p>Oferuj\u0105c kurs j\u0119zyka polskiego w swojej siedzibie w Kurytybie, instytucja postawi\u0142a krok naprz\u00f3d i zdoby\u0142a uznanie innych instytucji brazylijskiej wsp\u00f3lnoty polonijnej. Bior\u0105c pod uwag\u0119, \u017ce Kurytyba jest po Chicago drugim miastem pod wzgl\u0119m liczby polskich imigrant\u00f3w i os\u00f3b pochodzenia polskiego na \u015bwiecie, stworzenie kursu j\u0119zykowego wykorzystuj\u0105cego nowoczesne materia\u0142y dydaktyczne, kt\u00f3ry trafi\u0142by do r\u00f3\u017cnych grup odbiorc\u00f3w i wzbudzi\u0142 zainteresowanie, jest nie lada wyzwaniem. Maj\u0105c na celu jak najlepsze rezultaty uczni\u00f3w oraz zaoferowanie im jak najlepszej jako\u015bci zaj\u0119\u0107, <strong>Dom Kultury Polska-Brazylia<\/strong> mo\u017ce liczy\u0107 na wykwalifikowanych nauczycieli, materia\u0142 dydaktyczny stworzony w Polsce oraz zaj\u0119cia kulturalne i konwersacyjne.<\/p>\n<p>&nbsp;<\/p>\n<p>Zapisy trwaj\u0105, a pierwsze zaj\u0119cia s\u0105 przewidziane na 2 marca. Warto wspomnie\u0107, \u017ce stowarzyszeni <strong>Domu Kultury Polska-Brazylia<\/strong> posiadaj\u0105 zni\u017cki oraz inne korzy\u015bci. Aby dowiedzie\u0107 si\u0119 wi\u0119cej, prosimy o kontakt mailowy na adres: idioma@poloniabrasil.org.br<\/p>\n<p>&nbsp;<\/p>\n<p>&nbsp;<\/p>\n<p><strong>WYDARZENIE:<\/strong><\/p>\n<p>&nbsp;<\/p>\n<p>Kurs j\u0119zyka polskiego \u201eUczmy si\u0119 razem\u201d<\/p>\n<p>Miejsce: Dom Kultury Polska-Brazylia<\/p>\n<p>Rua \u00c9bano Pereira, 502 \u2013 Centrum \u2013 Kurytyba \u2013 Paran\u00e1<\/p>\n<p>Telefon kontaktowy: (41) 3088-0708<\/p>\n<p>&nbsp;<\/p>\n<p>Cr\u00e9dito tradu\u00e7\u00e3o: Kornelia\u00a0Fia\u0142kowska<\/p>\n<p><!--:--><\/p>\n","protected":false},"excerpt":{"rendered":"<p>A Casa da Cultura Pol\u00f4nia Brasil, uma associa\u00e7\u00e3o sem fins lucrativos cujo principal objetivo \u00e9 atender aos associados e comunidade oferecendo atividades e produtos culturais que promovam a cultura polonesa e brasileira e contemplem o interc\u00e2mbio entre os dois pa\u00edses, abre inscri\u00e7\u00f5es para o curso de polon\u00eas \u201cUczmy si\u0119 razem\u201d na modalidade presencial. E por [&hellip;]<\/p>\n","protected":false},"author":1,"featured_media":1153,"comment_status":"closed","ping_status":"closed","sticky":false,"template":"","format":"standard","meta":{"advgb_blocks_editor_width":"","advgb_blocks_columns_visual_guide":"","site-sidebar-layout":"default","site-content-layout":"","ast-site-content-layout":"","site-content-style":"default","site-sidebar-style":"default","ast-global-header-display":"","ast-banner-title-visibility":"","ast-main-header-display":"","ast-hfb-above-header-display":"","ast-hfb-below-header-display":"","ast-hfb-mobile-header-display":"","site-post-title":"","ast-breadcrumbs-content":"","ast-featured-img":"","footer-sml-layout":"","theme-transparent-header-meta":"","adv-header-id-meta":"","stick-header-meta":"","header-above-stick-meta":"","header-main-stick-meta":"","header-below-stick-meta":"","astra-migrate-meta-layouts":"default","ast-page-background-enabled":"default","ast-page-background-meta":{"desktop":{"background-color":"var(--ast-global-color-4)","background-image":"","background-repeat":"repeat","background-position":"center center","background-size":"auto","background-attachment":"scroll","background-type":"","background-media":"","overlay-type":"","overlay-color":"","overlay-opacity":"","overlay-gradient":""},"tablet":{"background-color":"","background-image":"","background-repeat":"repeat","background-position":"center center","background-size":"auto","background-attachment":"scroll","background-type":"","background-media":"","overlay-type":"","overlay-color":"","overlay-opacity":"","overlay-gradient":""},"mobile":{"background-color":"","background-image":"","background-repeat":"repeat","background-position":"center center","background-size":"auto","background-attachment":"scroll","background-type":"","background-media":"","overlay-type":"","overlay-color":"","overlay-opacity":"","overlay-gradient":""}},"ast-content-background-meta":{"desktop":{"background-color":"var(--ast-global-color-5)","background-image":"","background-repeat":"repeat","background-position":"center center","background-size":"auto","background-attachment":"scroll","background-type":"","background-media":"","overlay-type":"","overlay-color":"","overlay-opacity":"","overlay-gradient":""},"tablet":{"background-color":"var(--ast-global-color-5)","background-image":"","background-repeat":"repeat","background-position":"center center","background-size":"auto","background-attachment":"scroll","background-type":"","background-media":"","overlay-type":"","overlay-color":"","overlay-opacity":"","overlay-gradient":""},"mobile":{"background-color":"var(--ast-global-color-5)","background-image":"","background-repeat":"repeat","background-position":"center center","background-size":"auto","background-attachment":"scroll","background-type":"","background-media":"","overlay-type":"","overlay-color":"","overlay-opacity":"","overlay-gradient":""}},"_jetpack_memberships_contains_paid_content":false,"footnotes":""},"categories":[2,7],"tags":[10,112,88,113,114,115],"class_list":["post-615","post","type-post","status-publish","format-standard","has-post-thumbnail","hentry","category-noticias","category-projetos-e-iniciativas","tag-casa-da-cultura-polonia-brasil","tag-curso-de-polones","tag-dom-kultury-polska-brazylia","tag-ensino-e-cultura","tag-kurs-jezyka-polskiego","tag-nauczanie-i-kultura"],"author_meta":{"display_name":"adm_casa","author_link":"https:\/\/poloniabrasil.org.br\/site\/author\/adm_casa\/"},"featured_img":"https:\/\/poloniabrasil.org.br\/site\/wp-content\/uploads\/2016\/02\/Fotos-Curso-Polones_CCPB_11-300x225.jpg","jetpack_featured_media_url":"https:\/\/poloniabrasil.org.br\/site\/wp-content\/uploads\/2016\/02\/Fotos-Curso-Polones_CCPB_11.jpg","coauthors":[],"tax_additional":{"categories":{"linked":["<a href=\"https:\/\/poloniabrasil.org.br\/site\/category\/noticias\/\" class=\"advgb-post-tax-term\">Not\u00edcias<\/a>","<a href=\"https:\/\/poloniabrasil.org.br\/site\/category\/projetos-e-iniciativas\/\" class=\"advgb-post-tax-term\">Projetos e Iniciativas<\/a>"],"unlinked":["<span class=\"advgb-post-tax-term\">Not\u00edcias<\/span>","<span class=\"advgb-post-tax-term\">Projetos e Iniciativas<\/span>"]},"tags":{"linked":["<a href=\"https:\/\/poloniabrasil.org.br\/site\/category\/projetos-e-iniciativas\/\" class=\"advgb-post-tax-term\">Casa da Cultura Pol\u00f4nia Brasil<\/a>","<a href=\"https:\/\/poloniabrasil.org.br\/site\/category\/projetos-e-iniciativas\/\" class=\"advgb-post-tax-term\">Curso de Polon\u00eas<\/a>","<a href=\"https:\/\/poloniabrasil.org.br\/site\/category\/projetos-e-iniciativas\/\" class=\"advgb-post-tax-term\">Dom Kultury Polska-Brazylia<\/a>","<a href=\"https:\/\/poloniabrasil.org.br\/site\/category\/projetos-e-iniciativas\/\" class=\"advgb-post-tax-term\">Ensino e Cultura<\/a>","<a href=\"https:\/\/poloniabrasil.org.br\/site\/category\/projetos-e-iniciativas\/\" class=\"advgb-post-tax-term\">Kurs j\u0119zyka polskiego<\/a>","<a href=\"https:\/\/poloniabrasil.org.br\/site\/category\/projetos-e-iniciativas\/\" class=\"advgb-post-tax-term\">Nauczanie i Kultura<\/a>"],"unlinked":["<span class=\"advgb-post-tax-term\">Casa da Cultura Pol\u00f4nia Brasil<\/span>","<span class=\"advgb-post-tax-term\">Curso de Polon\u00eas<\/span>","<span class=\"advgb-post-tax-term\">Dom Kultury Polska-Brazylia<\/span>","<span class=\"advgb-post-tax-term\">Ensino e Cultura<\/span>","<span class=\"advgb-post-tax-term\">Kurs j\u0119zyka polskiego<\/span>","<span class=\"advgb-post-tax-term\">Nauczanie i Kultura<\/span>"]}},"comment_count":"0","relative_dates":{"created":"Publicado 10 anos atr\u00e1s","modified":"Atualizado 10 anos atr\u00e1s"},"absolute_dates":{"created":"Publicado em 5 de fevereiro de 2016","modified":"Atualizado em 5 de fevereiro de 2016"},"absolute_dates_time":{"created":"Publicado em 5 de fevereiro de 2016 08:48","modified":"Atualizado em 5 de fevereiro de 2016 08:48"},"featured_img_caption":"","series_order":"","jetpack_sharing_enabled":true,"_links":{"self":[{"href":"https:\/\/poloniabrasil.org.br\/site\/wp-json\/wp\/v2\/posts\/615","targetHints":{"allow":["GET"]}}],"collection":[{"href":"https:\/\/poloniabrasil.org.br\/site\/wp-json\/wp\/v2\/posts"}],"about":[{"href":"https:\/\/poloniabrasil.org.br\/site\/wp-json\/wp\/v2\/types\/post"}],"author":[{"embeddable":true,"href":"https:\/\/poloniabrasil.org.br\/site\/wp-json\/wp\/v2\/users\/1"}],"replies":[{"embeddable":true,"href":"https:\/\/poloniabrasil.org.br\/site\/wp-json\/wp\/v2\/comments?post=615"}],"version-history":[{"count":0,"href":"https:\/\/poloniabrasil.org.br\/site\/wp-json\/wp\/v2\/posts\/615\/revisions"}],"wp:featuredmedia":[{"embeddable":true,"href":"https:\/\/poloniabrasil.org.br\/site\/wp-json\/wp\/v2\/media\/1153"}],"wp:attachment":[{"href":"https:\/\/poloniabrasil.org.br\/site\/wp-json\/wp\/v2\/media?parent=615"}],"wp:term":[{"taxonomy":"category","embeddable":true,"href":"https:\/\/poloniabrasil.org.br\/site\/wp-json\/wp\/v2\/categories?post=615"},{"taxonomy":"post_tag","embeddable":true,"href":"https:\/\/poloniabrasil.org.br\/site\/wp-json\/wp\/v2\/tags?post=615"}],"curies":[{"name":"wp","href":"https:\/\/api.w.org\/{rel}","templated":true}]}}