{"id":607,"date":"2016-02-04T20:24:35","date_gmt":"2016-02-04T20:24:35","guid":{"rendered":"http:\/\/poloniabrasil.org.br\/?p=607"},"modified":"2016-02-04T20:24:35","modified_gmt":"2016-02-04T20:24:35","slug":"sao-jose-dos-pinhais-no-parana-recebe-o-projeto-meu-coracao-de-polaco-voltou","status":"publish","type":"post","link":"https:\/\/poloniabrasil.org.br\/site\/2016\/02\/04\/sao-jose-dos-pinhais-no-parana-recebe-o-projeto-meu-coracao-de-polaco-voltou\/","title":{"rendered":"S\u00e3o Jos\u00e9 dos Pinhais no Paran\u00e1 recebe o projeto \u201cMeu cora\u00e7\u00e3o de polaco voltou\u201d."},"content":{"rendered":"<p><!--:pt--><figure id=\"attachment_611\" aria-describedby=\"caption-attachment-611\" style=\"width: 536px\" class=\"wp-caption aligncenter\"><a href=\"http:\/\/poloniabrasil.org.br\/wp-content\/uploads\/2016\/02\/Flyer_Meu-cora\u00e7\u00e3o-de-polaco-voltou_SJP_20160204.jpg\"><img loading=\"lazy\" decoding=\"async\" class=\"size-full wp-image-611\" src=\"http:\/\/poloniabrasil.org.br\/wp-content\/uploads\/2016\/02\/Flyer_Meu-cora\u00e7\u00e3o-de-polaco-voltou_SJP_20160204.jpg\" alt=\"(Foto: M\u00e1rcio Santos \/ Arte: Maria Baptista)\" width=\"536\" height=\"960\" \/><\/a><figcaption id=\"caption-attachment-611\" class=\"wp-caption-text\">(Foto: M\u00e1rcio Santos \/ Arte: Maria Baptista)<\/figcaption><\/figure><\/p>\n<p><a href=\"http:\/\/poloniabrasil.org.br\/wp-content\/uploads\/2016\/02\/Fotos-Curso-Polon\u00eas_CCPB.jpg\"><br \/>\n<\/a>Dando continuidade ao projeto <strong>\u201cMeu cora\u00e7\u00e3o de polaco voltou\u201d<\/strong> realizado pela <strong>Casa da Cultura Pol\u00f4nia Brasil<\/strong> e fam\u00edlia Leminski em 2015, a exposi\u00e7\u00e3o e publica\u00e7\u00e3o hom\u00f4nimas chegam \u00e0 Col\u00f4nia Murici, localizada em S\u00e3o Jos\u00e9 dos Pinhais no Paran\u00e1.<\/p>\n<p>Em parceria com a <strong>Prefeitura Municipal de S\u00e3o Jos\u00e9 dos Pinhais<\/strong>, atrav\u00e9s da Secretaria de Cultura do munic\u00edpio e o <strong>Consulado Geral da Rep\u00fablica da Pol\u00f4nia em Curitiba<\/strong>, com apoio da <strong>Itaipu Binacional<\/strong> e demais patrocinadores a exposi\u00e7\u00e3o que j\u00e1 passou por Curitiba\/PR e Porto Alegre\/RS ser\u00e1 inaugurada na <strong>Casa da Cultura Polonesa Pe. Karol Dworaczek<\/strong>\u00a0 no dia 14 de fevereiro \u00e0s 9h30, data na qual o livro bil\u00edngue , de tiragem limitada, e in\u00e9dito no Brasil poder\u00e1 ser adquirido pelos interessados.<\/p>\n<p>O projeto<strong> \u201cMeu cora\u00e7\u00e3o de polaco voltou\u201d<\/strong> contempla diversas linguagens art\u00edsticas trazendo literatura, artes visuais, audiovisual e colabora para que a Casa da Cultura Pol\u00f4nia Brasil cumpra seu papel de agente cultural respons\u00e1vel pelo resgate da mem\u00f3ria e preserva\u00e7\u00e3o da hist\u00f3ria de imigrantes poloneses e seus descentes no Paran\u00e1 e no Brasil.<\/p>\n<p>\u00c9 com grande satisfa\u00e7\u00e3o que a <strong>Casa da Cultura Pol\u00f4nia Brasil<\/strong>, com sede em Curitiba, juntamente com seus parceiros e patrocinadores, brindam o p\u00fablico com um pouco da hist\u00f3ria e da obra do escritor e poeta paranaense Paulo Leminski , cujas ra\u00edzes polonesas est\u00e3o presentes em sua trajet\u00f3ria.<\/p>\n<p>&nbsp;<\/p>\n<p><span style=\"text-decoration: underline;\">SERVI\u00c7O:<\/span><\/p>\n<p>Exposi\u00e7\u00e3o \u201c<strong>Meu Cora\u00e7\u00e3o de Polaco Voltou\u201d<\/strong><\/p>\n<p>Local: Casa da Cultura Polonesa Pe. Karol Dworaczek<\/p>\n<p>Rua Jo\u00e3o Lipinski, 9003 \u2013 Col\u00f4nia Murici \u2013 S\u00e3o Jos\u00e9 dos Pinhais &#8211; PR<\/p>\n<p>Quando: de 15 de fevereiro a 11 de abril de 2015<\/p>\n<p>Entrada: Gratuita<\/p>\n<p>Classifica\u00e7\u00e3o: Aberto a todos os p\u00fablicos<\/p>\n<p>&nbsp;<!--:--><!--:pl--><\/p>\n<figure id=\"attachment_1151\" aria-describedby=\"caption-attachment-1151\" style=\"width: 536px\" class=\"wp-caption aligncenter\"><a href=\"http:\/\/poloniabrasil.org.br\/wp-content\/uploads\/2016\/02\/Flyer_Meu-cora\u00e7\u00e3o-de-polaco-voltou_SJP_201602041.jpg\"><img loading=\"lazy\" decoding=\"async\" class=\"size-full wp-image-1151\" src=\"http:\/\/poloniabrasil.org.br\/wp-content\/uploads\/2016\/02\/Flyer_Meu-cora\u00e7\u00e3o-de-polaco-voltou_SJP_201602041.jpg\" alt=\"(Foto: M\u00e1rcio Santos \/ Arte: Maria Baptista) (Foto: M\u00e1rcio Santos \/ Arte: Maria Baptista)\" width=\"536\" height=\"960\" \/><\/a><figcaption id=\"caption-attachment-1151\" class=\"wp-caption-text\">(Foto: M\u00e1rcio Santos \/ Arte: Maria Baptista)<br \/>(Foto: M\u00e1rcio Santos \/ Arte: Maria Baptista)<\/figcaption><\/figure>\n<p>&nbsp;<\/p>\n<p>W ramach kontynuacji projektu <strong>\u201ePowr\u00f3ci\u0142o moje polskie serce\u201d<\/strong>, zrealizowanego przez <strong>Dom Kultury Polska-Brazylia<\/strong> oraz rodzin\u0119 Leminski w 2015 roku, wystawa i publikacja o tym samym tytule docieraj\u0105 do kolonii Murici w S\u00e3o Jos\u00e9 dos Pinhais w stanie Paran\u00e1.<\/p>\n<p>&nbsp;<\/p>\n<p>We wsp\u00f3\u0142pracy z <strong>Urz\u0119dem Miasta S\u00e3o Jos\u00e9 dos Pinhais<\/strong>, Biurem Kultury miasta oraz <strong>Konsulatem Generalnym RP w Kurytybie<\/strong>, ze wsparciem <strong>Itaipu Binacional<\/strong> i innych sponsor\u00f3w, wystawa, kt\u00f3ra pojawi\u0142a si\u0119 ju\u017c w Kurytybie i Porto Alegre, zostanie otwarta w <strong>Domu Kultury Polskiej im. Ks. Karola Dworaczka<\/strong> dnia 14 lutego o 9:30, kiedy to zainteresowani b\u0119d\u0105 mogli naby\u0107 ksi\u0105\u017ck\u0119.<\/p>\n<p>&nbsp;<\/p>\n<p>Projekt <strong>\u201ePowr\u00f3ci\u0142o moje polskie serce\u201d<\/strong> obejmuje r\u00f3\u017cne dziedziny sztuki &#8211; literatur\u0119, sztuki wizualne i audiowizualne, przyczyniaj\u0105c si\u0119 do tego, aby Dom Kultury Polska-Brazylia spe\u0142nia\u0142 swoj\u0105 rol\u0119 po\u015brednika kulturowego, odpowiedzialnego za ochron\u0119 pami\u0119ci i uwiecznienie historii imigrant\u00f3w polskich i ich potomk\u00f3w w stanie Paran\u00e1 i w Brazylii.<\/p>\n<p>&nbsp;<\/p>\n<p><strong>Dom Kultury Polska-Brazylia<\/strong> z siedzib\u0105 w Kurytybie, wraz z partnerami i sponsorami, z wielk\u0105 satysfakcj\u0105 prezentuj\u0105 publiczno\u015bci troch\u0119 historii i poezji Paula Leminskiego, w kt\u00f3rego tw\u00f3rczo\u015bci obecne s\u0105 polskie korzenie.<\/p>\n<p>&nbsp;<\/p>\n<p>&nbsp;<\/p>\n<p>&nbsp;<\/p>\n<p>WYDARZENIE:<\/p>\n<p>&nbsp;<\/p>\n<p>Wystawa <strong>\u201cPowr\u00f3ci\u0142o moje polskie serce\u201d<\/strong><\/p>\n<p>Miejsce: Dom Kultury Polskiej im. Ks. Karola Dworaczka,<\/p>\n<p>Rua Jo\u00e3o Lipinski, 9003 \u2013 Col\u00f4nia Murici \u2013 S\u00e3o Jos\u00e9 dos Pinhais \u2013 Paran\u00e1<\/p>\n<p>Data: od 15 lutego do 11 kwietnia 2015 roku<\/p>\n<p>*wst\u0119p darmowy<\/p>\n<p>*wystawa otwarta dla wszystkich<\/p>\n<p>&nbsp;<\/p>\n<p>Cr\u00e9dito tradu\u00e7\u00e3o: Kornelia Fia\u0142kowska<\/p>\n<p><!--:--><\/p>\n","protected":false},"excerpt":{"rendered":"<p>Dando continuidade ao projeto \u201cMeu cora\u00e7\u00e3o de polaco voltou\u201d realizado pela Casa da Cultura Pol\u00f4nia Brasil e fam\u00edlia Leminski em 2015, a exposi\u00e7\u00e3o e publica\u00e7\u00e3o hom\u00f4nimas chegam \u00e0 Col\u00f4nia Murici, localizada em S\u00e3o Jos\u00e9 dos Pinhais no Paran\u00e1. Em parceria com a Prefeitura Municipal de S\u00e3o Jos\u00e9 dos Pinhais, atrav\u00e9s da Secretaria de Cultura do [&hellip;]<\/p>\n","protected":false},"author":1,"featured_media":1151,"comment_status":"closed","ping_status":"closed","sticky":false,"template":"","format":"standard","meta":{"advgb_blocks_editor_width":"","advgb_blocks_columns_visual_guide":"","site-sidebar-layout":"default","site-content-layout":"","ast-site-content-layout":"","site-content-style":"default","site-sidebar-style":"default","ast-global-header-display":"","ast-banner-title-visibility":"","ast-main-header-display":"","ast-hfb-above-header-display":"","ast-hfb-below-header-display":"","ast-hfb-mobile-header-display":"","site-post-title":"","ast-breadcrumbs-content":"","ast-featured-img":"","footer-sml-layout":"","theme-transparent-header-meta":"","adv-header-id-meta":"","stick-header-meta":"","header-above-stick-meta":"","header-main-stick-meta":"","header-below-stick-meta":"","astra-migrate-meta-layouts":"default","ast-page-background-enabled":"default","ast-page-background-meta":{"desktop":{"background-color":"var(--ast-global-color-4)","background-image":"","background-repeat":"repeat","background-position":"center center","background-size":"auto","background-attachment":"scroll","background-type":"","background-media":"","overlay-type":"","overlay-color":"","overlay-opacity":"","overlay-gradient":""},"tablet":{"background-color":"","background-image":"","background-repeat":"repeat","background-position":"center center","background-size":"auto","background-attachment":"scroll","background-type":"","background-media":"","overlay-type":"","overlay-color":"","overlay-opacity":"","overlay-gradient":""},"mobile":{"background-color":"","background-image":"","background-repeat":"repeat","background-position":"center center","background-size":"auto","background-attachment":"scroll","background-type":"","background-media":"","overlay-type":"","overlay-color":"","overlay-opacity":"","overlay-gradient":""}},"ast-content-background-meta":{"desktop":{"background-color":"var(--ast-global-color-5)","background-image":"","background-repeat":"repeat","background-position":"center center","background-size":"auto","background-attachment":"scroll","background-type":"","background-media":"","overlay-type":"","overlay-color":"","overlay-opacity":"","overlay-gradient":""},"tablet":{"background-color":"var(--ast-global-color-5)","background-image":"","background-repeat":"repeat","background-position":"center center","background-size":"auto","background-attachment":"scroll","background-type":"","background-media":"","overlay-type":"","overlay-color":"","overlay-opacity":"","overlay-gradient":""},"mobile":{"background-color":"var(--ast-global-color-5)","background-image":"","background-repeat":"repeat","background-position":"center center","background-size":"auto","background-attachment":"scroll","background-type":"","background-media":"","overlay-type":"","overlay-color":"","overlay-opacity":"","overlay-gradient":""}},"_jetpack_memberships_contains_paid_content":false,"footnotes":""},"categories":[5,2,7],"tags":[106,43,10,88,107,20,108,109,27,24,97,90,91,110,111],"class_list":["post-607","post","type-post","status-publish","format-standard","has-post-thumbnail","hentry","category-eventos","category-noticias","category-projetos-e-iniciativas","tag-biuro-kultury-urzedu-miasta-s-jose-dos-pinhais","tag-casa-da-cultura-polonesa-pe-karol-dworaczek","tag-casa-da-cultura-polonia-brasil","tag-dom-kultury-polska-brazylia","tag-dom-kultury-polskiej-im","tag-exposicao","tag-karola-dworaczka","tag-ks","tag-literatura","tag-poesia","tag-poezja","tag-publicacoes","tag-publikacje","tag-secretaria-de-cultura-de-s-jose-dos-pinhais","tag-wystawa"],"author_meta":{"display_name":"adm_casa","author_link":"https:\/\/poloniabrasil.org.br\/site\/author\/adm_casa\/"},"featured_img":"https:\/\/poloniabrasil.org.br\/site\/wp-content\/uploads\/2016\/02\/Flyer_Meu-coracao-de-polaco-voltou_SJP_201602041-168x300.jpg","jetpack_featured_media_url":"https:\/\/poloniabrasil.org.br\/site\/wp-content\/uploads\/2016\/02\/Flyer_Meu-coracao-de-polaco-voltou_SJP_201602041.jpg","coauthors":[],"tax_additional":{"categories":{"linked":["<a href=\"https:\/\/poloniabrasil.org.br\/site\/category\/eventos\/\" class=\"advgb-post-tax-term\">Eventos<\/a>","<a href=\"https:\/\/poloniabrasil.org.br\/site\/category\/noticias\/\" class=\"advgb-post-tax-term\">Not\u00edcias<\/a>","<a href=\"https:\/\/poloniabrasil.org.br\/site\/category\/projetos-e-iniciativas\/\" class=\"advgb-post-tax-term\">Projetos e Iniciativas<\/a>"],"unlinked":["<span class=\"advgb-post-tax-term\">Eventos<\/span>","<span class=\"advgb-post-tax-term\">Not\u00edcias<\/span>","<span class=\"advgb-post-tax-term\">Projetos e Iniciativas<\/span>"]},"tags":{"linked":["<a href=\"https:\/\/poloniabrasil.org.br\/site\/category\/projetos-e-iniciativas\/\" class=\"advgb-post-tax-term\">Biuro Kultury Urz\u0119du Miasta S. Jos\u00e9 dos Pinhais<\/a>","<a href=\"https:\/\/poloniabrasil.org.br\/site\/category\/projetos-e-iniciativas\/\" class=\"advgb-post-tax-term\">Casa da Cultura Polonesa Pe. Karol Dworaczek<\/a>","<a href=\"https:\/\/poloniabrasil.org.br\/site\/category\/projetos-e-iniciativas\/\" class=\"advgb-post-tax-term\">Casa da Cultura Pol\u00f4nia Brasil<\/a>","<a href=\"https:\/\/poloniabrasil.org.br\/site\/category\/projetos-e-iniciativas\/\" class=\"advgb-post-tax-term\">Dom Kultury Polska-Brazylia<\/a>","<a href=\"https:\/\/poloniabrasil.org.br\/site\/category\/projetos-e-iniciativas\/\" class=\"advgb-post-tax-term\">Dom Kultury Polskiej im<\/a>","<a href=\"https:\/\/poloniabrasil.org.br\/site\/category\/projetos-e-iniciativas\/\" class=\"advgb-post-tax-term\">Exposi\u00e7\u00e3o<\/a>","<a href=\"https:\/\/poloniabrasil.org.br\/site\/category\/projetos-e-iniciativas\/\" class=\"advgb-post-tax-term\">Karola Dworaczka<\/a>","<a href=\"https:\/\/poloniabrasil.org.br\/site\/category\/projetos-e-iniciativas\/\" class=\"advgb-post-tax-term\">Ks<\/a>","<a href=\"https:\/\/poloniabrasil.org.br\/site\/category\/projetos-e-iniciativas\/\" class=\"advgb-post-tax-term\">Literatura<\/a>","<a href=\"https:\/\/poloniabrasil.org.br\/site\/category\/projetos-e-iniciativas\/\" class=\"advgb-post-tax-term\">Poesia<\/a>","<a href=\"https:\/\/poloniabrasil.org.br\/site\/category\/projetos-e-iniciativas\/\" class=\"advgb-post-tax-term\">Poezja<\/a>","<a href=\"https:\/\/poloniabrasil.org.br\/site\/category\/projetos-e-iniciativas\/\" class=\"advgb-post-tax-term\">Publica\u00e7\u00f5es<\/a>","<a href=\"https:\/\/poloniabrasil.org.br\/site\/category\/projetos-e-iniciativas\/\" class=\"advgb-post-tax-term\">Publikacje<\/a>","<a href=\"https:\/\/poloniabrasil.org.br\/site\/category\/projetos-e-iniciativas\/\" class=\"advgb-post-tax-term\">Secretaria de Cultura de S.Jos\u00e9 dos Pinhais<\/a>","<a href=\"https:\/\/poloniabrasil.org.br\/site\/category\/projetos-e-iniciativas\/\" class=\"advgb-post-tax-term\">Wystawa<\/a>"],"unlinked":["<span class=\"advgb-post-tax-term\">Biuro Kultury Urz\u0119du Miasta S. Jos\u00e9 dos Pinhais<\/span>","<span class=\"advgb-post-tax-term\">Casa da Cultura Polonesa Pe. Karol Dworaczek<\/span>","<span class=\"advgb-post-tax-term\">Casa da Cultura Pol\u00f4nia Brasil<\/span>","<span class=\"advgb-post-tax-term\">Dom Kultury Polska-Brazylia<\/span>","<span class=\"advgb-post-tax-term\">Dom Kultury Polskiej im<\/span>","<span class=\"advgb-post-tax-term\">Exposi\u00e7\u00e3o<\/span>","<span class=\"advgb-post-tax-term\">Karola Dworaczka<\/span>","<span class=\"advgb-post-tax-term\">Ks<\/span>","<span class=\"advgb-post-tax-term\">Literatura<\/span>","<span class=\"advgb-post-tax-term\">Poesia<\/span>","<span class=\"advgb-post-tax-term\">Poezja<\/span>","<span class=\"advgb-post-tax-term\">Publica\u00e7\u00f5es<\/span>","<span class=\"advgb-post-tax-term\">Publikacje<\/span>","<span class=\"advgb-post-tax-term\">Secretaria de Cultura de S.Jos\u00e9 dos Pinhais<\/span>","<span class=\"advgb-post-tax-term\">Wystawa<\/span>"]}},"comment_count":"0","relative_dates":{"created":"Publicado 10 anos atr\u00e1s","modified":"Atualizado 10 anos atr\u00e1s"},"absolute_dates":{"created":"Publicado em 4 de fevereiro de 2016","modified":"Atualizado em 4 de fevereiro de 2016"},"absolute_dates_time":{"created":"Publicado em 4 de fevereiro de 2016 20:24","modified":"Atualizado em 4 de fevereiro de 2016 20:24"},"featured_img_caption":"(Foto: M\u00e1rcio Santos \/ Arte: Maria Baptista)\n(Foto: M\u00e1rcio Santos \/ Arte: Maria Baptista)","series_order":"","jetpack_sharing_enabled":true,"_links":{"self":[{"href":"https:\/\/poloniabrasil.org.br\/site\/wp-json\/wp\/v2\/posts\/607","targetHints":{"allow":["GET"]}}],"collection":[{"href":"https:\/\/poloniabrasil.org.br\/site\/wp-json\/wp\/v2\/posts"}],"about":[{"href":"https:\/\/poloniabrasil.org.br\/site\/wp-json\/wp\/v2\/types\/post"}],"author":[{"embeddable":true,"href":"https:\/\/poloniabrasil.org.br\/site\/wp-json\/wp\/v2\/users\/1"}],"replies":[{"embeddable":true,"href":"https:\/\/poloniabrasil.org.br\/site\/wp-json\/wp\/v2\/comments?post=607"}],"version-history":[{"count":0,"href":"https:\/\/poloniabrasil.org.br\/site\/wp-json\/wp\/v2\/posts\/607\/revisions"}],"wp:featuredmedia":[{"embeddable":true,"href":"https:\/\/poloniabrasil.org.br\/site\/wp-json\/wp\/v2\/media\/1151"}],"wp:attachment":[{"href":"https:\/\/poloniabrasil.org.br\/site\/wp-json\/wp\/v2\/media?parent=607"}],"wp:term":[{"taxonomy":"category","embeddable":true,"href":"https:\/\/poloniabrasil.org.br\/site\/wp-json\/wp\/v2\/categories?post=607"},{"taxonomy":"post_tag","embeddable":true,"href":"https:\/\/poloniabrasil.org.br\/site\/wp-json\/wp\/v2\/tags?post=607"}],"curies":[{"name":"wp","href":"https:\/\/api.w.org\/{rel}","templated":true}]}}