{"id":513,"date":"2015-09-29T17:59:56","date_gmt":"2015-09-29T17:59:56","guid":{"rendered":"http:\/\/poloniabrasil.org.br\/?p=513"},"modified":"2015-09-29T17:59:56","modified_gmt":"2015-09-29T17:59:56","slug":"ultimos-dias-para-ver-a-exposicao-meu-coracao-de-polaco-voltou-na-casa-da-cultura-polonia-brasil","status":"publish","type":"post","link":"https:\/\/poloniabrasil.org.br\/site\/2015\/09\/29\/ultimos-dias-para-ver-a-exposicao-meu-coracao-de-polaco-voltou-na-casa-da-cultura-polonia-brasil\/","title":{"rendered":"\u00daltimos dias para ver a exposi\u00e7\u00e3o \u201cMeu cora\u00e7\u00e3o de polaco voltou\u201d na Casa da Cultura Pol\u00f4nia Brasil."},"content":{"rendered":"<p><!--:pt--><figure id=\"attachment_516\" aria-describedby=\"caption-attachment-516\" style=\"width: 639px\" class=\"wp-caption aligncenter\"><a href=\"http:\/\/poloniabrasil.org.br\/wp-content\/uploads\/2015\/09\/banner-site-CCPB1.jpg\"><img loading=\"lazy\" decoding=\"async\" class=\"size-full wp-image-516\" src=\"http:\/\/poloniabrasil.org.br\/wp-content\/uploads\/2015\/09\/banner-site-CCPB1.jpg\" alt=\"(Foto: M\u00e1rcio dos Santos -  Arte: Maria Baptista)\" width=\"639\" height=\"292\" srcset=\"https:\/\/poloniabrasil.org.br\/site\/wp-content\/uploads\/2015\/09\/banner-site-CCPB1.jpg 639w, https:\/\/poloniabrasil.org.br\/site\/wp-content\/uploads\/2015\/09\/banner-site-CCPB1-300x137.jpg 300w\" sizes=\"auto, (max-width: 639px) 100vw, 639px\" \/><\/a><figcaption id=\"caption-attachment-516\" class=\"wp-caption-text\">(Foto: M\u00e1rcio dos Santos &#8211; Arte: Maria Baptista)<\/figcaption><\/figure><\/p>\n<p>&nbsp;<\/p>\n<p>\u00daltimos dias da exposi\u00e7\u00e3o <strong>\u201cMeu cora\u00e7\u00e3o de polaco voltou\u201d<\/strong> que a Casa da Cultura Pol\u00f4nia Brasil e a fam\u00edlia Leminski realizam para homenagear o poeta. Foram v\u00e1rias as atividades desde o anivers\u00e1rio de Paulo Lemisnki em 24\/08, atividades que se estendem at\u00e9 04\/10 com o t\u00e9rmino da exposi\u00e7\u00e3o. Al\u00e9m disso, \u00e9 poss\u00edvel adquirir exemplares do livro lan\u00e7ado no Brasil \u201cMeu cora\u00e7\u00e3o de polaco voltou\u201d com poesias em portugu\u00eas e polon\u00eas, uma segunda edi\u00e7\u00e3o revisada e ampliada para ocasi\u00e3o com tradu\u00e7\u00e3o do Prof\u00ba. Piotr Kilanowski. Mas, n\u00e3o demore!\u00a0A cota \u00e9 limitada e est\u00e1 chegando ao fim.<\/p>\n<p>E por falar na exposi\u00e7\u00e3o, ela est\u00e1 imperd\u00edvel. Se voc\u00ea mora ou est\u00e1 em Curitiba n\u00e3o pode deixar de visit\u00e1-la, trata-se de oportunidade singular para conhecer as hist\u00f3rias de fam\u00edlia e os detalhes da heran\u00e7a polonesa de um dos poetas brasileiros contempor\u00e2neos, mais aclamado e difundido nos \u00faltimos anos. Com muitos de seus poemas musicados e livros lan\u00e7ados, Paulo Leminski \u00e9 sem d\u00favida um personagem \u00edmpar da nossa literatura, escritor que agrada pais e filhos e est\u00e1 presente na vida de muitas gera\u00e7\u00f5es.<\/p>\n<p>A exposi\u00e7\u00e3o traz pain\u00e9is com fotos e documentos de fam\u00edlia, alguns objetos pessoais do poeta e um v\u00eddeo com trecho do filme \u201cVida e Sangue de Polaco\u201d de Sylvio Back, de 1983. A exposi\u00e7\u00e3o que foi aberta ao p\u00fablico no dia 1\u00ba de setembro vai at\u00e9 domingo 04 de outubro, depois seguir\u00e1 em itiner\u00e2ncia por outras cidades.<\/p>\n<p>O projeto \u201cMeu cora\u00e7\u00e3o de polaco voltou\u201d contempla diversas linguagens art\u00edsticas trazendo literatura, artes visuais, audiovisual, palestras, visitas guiadas e um sarau com participa\u00e7\u00e3o do p\u00fablico e colabora para que a Casa da Cultura Pol\u00f4nia Brasil cumpra seu papel de agente cultural respons\u00e1vel pelo resgate da mem\u00f3ria e preserva\u00e7\u00e3o da hist\u00f3ria de imigrantes poloneses e seus descentes que juntos da comunidade brasileira e outras etnias, contribu\u00edram e contribuem para a constru\u00e7\u00e3o do que somos hoje.<\/p>\n<p>Ent\u00e3o, n\u00e3o deixe para depois, venha aproveitar os \u00faltimos dias dessa exposi\u00e7\u00e3o que ganhou o cora\u00e7\u00e3o dos visitantes.<\/p>\n<p>&nbsp;<\/p>\n<p><strong>Servi\u00e7o:<\/strong><\/p>\n<p>Exposi\u00e7\u00e3o<strong> \u201cMeu cora\u00e7\u00e3o de poeta voltou\u201d<\/strong><\/p>\n<p>Quando: De 01\/09 \u00e0 04\/10\/15 <strong>(\u00daltima semana) <\/strong>de ter\u00e7a a domingo das 10h \u00e0s 17h.<\/p>\n<p>Onde: Casa da Cultura Pol\u00f4nia Brasil<\/p>\n<p>Rua \u00c9bano Pereira, 502 \u2013 Centro<\/p>\n<p>Evento gratuito aberto a todos os p\u00fablicos<\/p>\n<p>Informa\u00e7\u00f5es: <a href=\"mailto:contato@poloniabrasil.org.br\">contato@poloniabrasil.org.br<\/a><!--:--><\/p>\n","protected":false},"excerpt":{"rendered":"<p>&nbsp; \u00daltimos dias da exposi\u00e7\u00e3o \u201cMeu cora\u00e7\u00e3o de polaco voltou\u201d que a Casa da Cultura Pol\u00f4nia Brasil e a fam\u00edlia Leminski realizam para homenagear o poeta. Foram v\u00e1rias as atividades desde o anivers\u00e1rio de Paulo Lemisnki em 24\/08, atividades que se estendem at\u00e9 04\/10 com o t\u00e9rmino da exposi\u00e7\u00e3o. Al\u00e9m disso, \u00e9 poss\u00edvel adquirir exemplares [&hellip;]<\/p>\n","protected":false},"author":1,"featured_media":516,"comment_status":"closed","ping_status":"closed","sticky":false,"template":"","format":"standard","meta":{"advgb_blocks_editor_width":"","advgb_blocks_columns_visual_guide":"","site-sidebar-layout":"default","site-content-layout":"","ast-site-content-layout":"","site-content-style":"default","site-sidebar-style":"default","ast-global-header-display":"","ast-banner-title-visibility":"","ast-main-header-display":"","ast-hfb-above-header-display":"","ast-hfb-below-header-display":"","ast-hfb-mobile-header-display":"","site-post-title":"","ast-breadcrumbs-content":"","ast-featured-img":"","footer-sml-layout":"","theme-transparent-header-meta":"","adv-header-id-meta":"","stick-header-meta":"","header-above-stick-meta":"","header-main-stick-meta":"","header-below-stick-meta":"","astra-migrate-meta-layouts":"default","ast-page-background-enabled":"default","ast-page-background-meta":{"desktop":{"background-color":"var(--ast-global-color-4)","background-image":"","background-repeat":"repeat","background-position":"center center","background-size":"auto","background-attachment":"scroll","background-type":"","background-media":"","overlay-type":"","overlay-color":"","overlay-opacity":"","overlay-gradient":""},"tablet":{"background-color":"","background-image":"","background-repeat":"repeat","background-position":"center center","background-size":"auto","background-attachment":"scroll","background-type":"","background-media":"","overlay-type":"","overlay-color":"","overlay-opacity":"","overlay-gradient":""},"mobile":{"background-color":"","background-image":"","background-repeat":"repeat","background-position":"center center","background-size":"auto","background-attachment":"scroll","background-type":"","background-media":"","overlay-type":"","overlay-color":"","overlay-opacity":"","overlay-gradient":""}},"ast-content-background-meta":{"desktop":{"background-color":"var(--ast-global-color-5)","background-image":"","background-repeat":"repeat","background-position":"center center","background-size":"auto","background-attachment":"scroll","background-type":"","background-media":"","overlay-type":"","overlay-color":"","overlay-opacity":"","overlay-gradient":""},"tablet":{"background-color":"var(--ast-global-color-5)","background-image":"","background-repeat":"repeat","background-position":"center center","background-size":"auto","background-attachment":"scroll","background-type":"","background-media":"","overlay-type":"","overlay-color":"","overlay-opacity":"","overlay-gradient":""},"mobile":{"background-color":"var(--ast-global-color-5)","background-image":"","background-repeat":"repeat","background-position":"center center","background-size":"auto","background-attachment":"scroll","background-type":"","background-media":"","overlay-type":"","overlay-color":"","overlay-opacity":"","overlay-gradient":""}},"_jetpack_memberships_contains_paid_content":false,"footnotes":""},"categories":[5,2,7,4],"tags":[20,38,39,23,24],"class_list":["post-513","post","type-post","status-publish","format-standard","has-post-thumbnail","hentry","category-eventos","category-noticias","category-projetos-e-iniciativas","category-publicacoes","tag-exposicao","tag-livros","tag-meu-coracao-de-polaco-voltou","tag-paulo-leminski","tag-poesia"],"author_meta":{"display_name":"adm_casa","author_link":"https:\/\/poloniabrasil.org.br\/site\/author\/adm_casa\/"},"featured_img":"https:\/\/poloniabrasil.org.br\/site\/wp-content\/uploads\/2015\/09\/banner-site-CCPB1-300x137.jpg","jetpack_featured_media_url":"https:\/\/poloniabrasil.org.br\/site\/wp-content\/uploads\/2015\/09\/banner-site-CCPB1.jpg","coauthors":[],"tax_additional":{"categories":{"linked":["<a href=\"https:\/\/poloniabrasil.org.br\/site\/category\/eventos\/\" class=\"advgb-post-tax-term\">Eventos<\/a>","<a href=\"https:\/\/poloniabrasil.org.br\/site\/category\/noticias\/\" class=\"advgb-post-tax-term\">Not\u00edcias<\/a>","<a href=\"https:\/\/poloniabrasil.org.br\/site\/category\/projetos-e-iniciativas\/\" class=\"advgb-post-tax-term\">Projetos e Iniciativas<\/a>","<a href=\"https:\/\/poloniabrasil.org.br\/site\/category\/publicacoes\/\" class=\"advgb-post-tax-term\">Publica\u00e7\u00f5es e Pesquisas<\/a>"],"unlinked":["<span class=\"advgb-post-tax-term\">Eventos<\/span>","<span class=\"advgb-post-tax-term\">Not\u00edcias<\/span>","<span class=\"advgb-post-tax-term\">Projetos e Iniciativas<\/span>","<span class=\"advgb-post-tax-term\">Publica\u00e7\u00f5es e Pesquisas<\/span>"]},"tags":{"linked":["<a href=\"https:\/\/poloniabrasil.org.br\/site\/category\/publicacoes\/\" class=\"advgb-post-tax-term\">Exposi\u00e7\u00e3o<\/a>","<a href=\"https:\/\/poloniabrasil.org.br\/site\/category\/publicacoes\/\" class=\"advgb-post-tax-term\">Livros<\/a>","<a href=\"https:\/\/poloniabrasil.org.br\/site\/category\/publicacoes\/\" class=\"advgb-post-tax-term\">Meu cora\u00e7\u00e3o de polaco voltou<\/a>","<a href=\"https:\/\/poloniabrasil.org.br\/site\/category\/publicacoes\/\" class=\"advgb-post-tax-term\">Paulo Leminski<\/a>","<a href=\"https:\/\/poloniabrasil.org.br\/site\/category\/publicacoes\/\" class=\"advgb-post-tax-term\">Poesia<\/a>"],"unlinked":["<span class=\"advgb-post-tax-term\">Exposi\u00e7\u00e3o<\/span>","<span class=\"advgb-post-tax-term\">Livros<\/span>","<span class=\"advgb-post-tax-term\">Meu cora\u00e7\u00e3o de polaco voltou<\/span>","<span class=\"advgb-post-tax-term\">Paulo Leminski<\/span>","<span class=\"advgb-post-tax-term\">Poesia<\/span>"]}},"comment_count":"0","relative_dates":{"created":"Publicado 11 anos atr\u00e1s","modified":"Atualizado 11 anos atr\u00e1s"},"absolute_dates":{"created":"Publicado em 29 de setembro de 2015","modified":"Atualizado em 29 de setembro de 2015"},"absolute_dates_time":{"created":"Publicado em 29 de setembro de 2015 17:59","modified":"Atualizado em 29 de setembro de 2015 17:59"},"featured_img_caption":"(Foto: M\u00e1rcio dos Santos -  Arte: Maria Baptista)","series_order":"","jetpack_sharing_enabled":true,"_links":{"self":[{"href":"https:\/\/poloniabrasil.org.br\/site\/wp-json\/wp\/v2\/posts\/513","targetHints":{"allow":["GET"]}}],"collection":[{"href":"https:\/\/poloniabrasil.org.br\/site\/wp-json\/wp\/v2\/posts"}],"about":[{"href":"https:\/\/poloniabrasil.org.br\/site\/wp-json\/wp\/v2\/types\/post"}],"author":[{"embeddable":true,"href":"https:\/\/poloniabrasil.org.br\/site\/wp-json\/wp\/v2\/users\/1"}],"replies":[{"embeddable":true,"href":"https:\/\/poloniabrasil.org.br\/site\/wp-json\/wp\/v2\/comments?post=513"}],"version-history":[{"count":0,"href":"https:\/\/poloniabrasil.org.br\/site\/wp-json\/wp\/v2\/posts\/513\/revisions"}],"wp:featuredmedia":[{"embeddable":true,"href":"https:\/\/poloniabrasil.org.br\/site\/wp-json\/wp\/v2\/media\/516"}],"wp:attachment":[{"href":"https:\/\/poloniabrasil.org.br\/site\/wp-json\/wp\/v2\/media?parent=513"}],"wp:term":[{"taxonomy":"category","embeddable":true,"href":"https:\/\/poloniabrasil.org.br\/site\/wp-json\/wp\/v2\/categories?post=513"},{"taxonomy":"post_tag","embeddable":true,"href":"https:\/\/poloniabrasil.org.br\/site\/wp-json\/wp\/v2\/tags?post=513"}],"curies":[{"name":"wp","href":"https:\/\/api.w.org\/{rel}","templated":true}]}}