{"id":4280,"date":"2025-08-31T19:00:00","date_gmt":"2025-08-31T22:00:00","guid":{"rendered":"https:\/\/poloniabrasil.org.br\/site\/?p=4280"},"modified":"2025-09-12T19:00:41","modified_gmt":"2025-09-12T22:00:41","slug":"narodowe-czytanie-leitura-nacional","status":"publish","type":"post","link":"https:\/\/poloniabrasil.org.br\/site\/2025\/08\/31\/narodowe-czytanie-leitura-nacional\/","title":{"rendered":"NARODOWE CZYTANIE &#8211; Leitura nacional"},"content":{"rendered":"\n<p>A Casa da Cultura Pol\u00f4nia Brasil convida todos os alunos, associados e comunidade para a Czytanie Narodowe &#8211; Leitura Nacional.<br>\u00c9 uma iniciativa anual organizada pelo presidente da Pol\u00f4nia, que visa promover a leitura do patrim\u00f4nio liter\u00e1rio do pa\u00eds. A campanha da Leitura Nacional foi iniciada em 2012 com uma leitura conjunta de Pan Tadeusz de Adam Mickiewicz.<\/p>\n\n\n\n<p>O evento ser\u00e1 de forma remota, pela plataforma Zoom, o link ser\u00e1 enviado via e-mail para os inscritos, link de inscri\u00e7\u00e3o&nbsp;<a href=\"https:\/\/forms.gle\/Aqs4GQ9c7PMzwxXRA?fbclid=IwZXh0bgNhZW0CMTAAYnJpZBExYmQ0eGMzYThpZXJRMFY3NgEexjdOJi0t9SsOauKzFJYwdIIkvTQv9uli7zCa_PcT-WTYYHy0OfQMxJs_AaA_aem_wx9TWj8YhDrR0u2C-MoqcA\" rel=\"noreferrer noopener\" target=\"_blank\">https:\/\/forms.gle\/Aqs4GQ9c7PMzwxXRA<\/a><\/p>\n\n\n\n<p>Data: 06.09.2025<br>Hora: 10h30<br>Onde: Zoom<\/p>\n\n\n\n<figure class=\"wp-block-image size-large\"><img loading=\"lazy\" decoding=\"async\" width=\"819\" height=\"1024\" src=\"https:\/\/poloniabrasil.org.br\/site\/wp-content\/uploads\/2025\/09\/Narodowe-czytanie-2025-1-819x1024.jpg\" alt=\"\" class=\"wp-image-4282\" srcset=\"https:\/\/poloniabrasil.org.br\/site\/wp-content\/uploads\/2025\/09\/Narodowe-czytanie-2025-1-819x1024.jpg 819w, https:\/\/poloniabrasil.org.br\/site\/wp-content\/uploads\/2025\/09\/Narodowe-czytanie-2025-1-240x300.jpg 240w, https:\/\/poloniabrasil.org.br\/site\/wp-content\/uploads\/2025\/09\/Narodowe-czytanie-2025-1-768x960.jpg 768w, https:\/\/poloniabrasil.org.br\/site\/wp-content\/uploads\/2025\/09\/Narodowe-czytanie-2025-1.jpg 1024w\" sizes=\"auto, (max-width: 819px) 100vw, 819px\" \/><\/figure>\n","protected":false},"excerpt":{"rendered":"<p>A Casa da Cultura Pol\u00f4nia Brasil convida todos os alunos, associados e comunidade para a Czytanie Narodowe &#8211; Leitura Nacional.\u00c9 uma iniciativa anual organizada pelo presidente da Pol\u00f4nia, que visa promover a leitura do patrim\u00f4nio liter\u00e1rio do pa\u00eds. A campanha da Leitura Nacional foi iniciada em 2012 com uma leitura conjunta de Pan Tadeusz de [&hellip;]<\/p>\n","protected":false},"author":1,"featured_media":4287,"comment_status":"open","ping_status":"open","sticky":false,"template":"","format":"standard","meta":{"advgb_blocks_editor_width":"","advgb_blocks_columns_visual_guide":"","site-sidebar-layout":"default","site-content-layout":"","ast-site-content-layout":"default","site-content-style":"default","site-sidebar-style":"default","ast-global-header-display":"","ast-banner-title-visibility":"","ast-main-header-display":"","ast-hfb-above-header-display":"","ast-hfb-below-header-display":"","ast-hfb-mobile-header-display":"","site-post-title":"","ast-breadcrumbs-content":"","ast-featured-img":"","footer-sml-layout":"","theme-transparent-header-meta":"","adv-header-id-meta":"","stick-header-meta":"","header-above-stick-meta":"","header-main-stick-meta":"","header-below-stick-meta":"","astra-migrate-meta-layouts":"set","ast-page-background-enabled":"default","ast-page-background-meta":{"desktop":{"background-color":"var(--ast-global-color-4)","background-image":"","background-repeat":"repeat","background-position":"center center","background-size":"auto","background-attachment":"scroll","background-type":"","background-media":"","overlay-type":"","overlay-color":"","overlay-opacity":"","overlay-gradient":""},"tablet":{"background-color":"","background-image":"","background-repeat":"repeat","background-position":"center center","background-size":"auto","background-attachment":"scroll","background-type":"","background-media":"","overlay-type":"","overlay-color":"","overlay-opacity":"","overlay-gradient":""},"mobile":{"background-color":"","background-image":"","background-repeat":"repeat","background-position":"center center","background-size":"auto","background-attachment":"scroll","background-type":"","background-media":"","overlay-type":"","overlay-color":"","overlay-opacity":"","overlay-gradient":""}},"ast-content-background-meta":{"desktop":{"background-color":"var(--ast-global-color-5)","background-image":"","background-repeat":"repeat","background-position":"center center","background-size":"auto","background-attachment":"scroll","background-type":"","background-media":"","overlay-type":"","overlay-color":"","overlay-opacity":"","overlay-gradient":""},"tablet":{"background-color":"var(--ast-global-color-5)","background-image":"","background-repeat":"repeat","background-position":"center center","background-size":"auto","background-attachment":"scroll","background-type":"","background-media":"","overlay-type":"","overlay-color":"","overlay-opacity":"","overlay-gradient":""},"mobile":{"background-color":"var(--ast-global-color-5)","background-image":"","background-repeat":"repeat","background-position":"center center","background-size":"auto","background-attachment":"scroll","background-type":"","background-media":"","overlay-type":"","overlay-color":"","overlay-opacity":"","overlay-gradient":""}},"_jetpack_memberships_contains_paid_content":false,"footnotes":""},"categories":[6,5,2,7,1],"tags":[],"class_list":["post-4280","post","type-post","status-publish","format-standard","has-post-thumbnail","hentry","category-destaque","category-eventos","category-noticias","category-projetos-e-iniciativas","category-sem-categoria"],"author_meta":{"display_name":"adm_casa","author_link":"https:\/\/poloniabrasil.org.br\/site\/author\/adm_casa\/"},"featured_img":"https:\/\/poloniabrasil.org.br\/site\/wp-content\/uploads\/2025\/08\/Narodowe-czytanie-2025-1-300x169.jpg","jetpack_featured_media_url":"https:\/\/poloniabrasil.org.br\/site\/wp-content\/uploads\/2025\/08\/Narodowe-czytanie-2025-1.jpg","coauthors":[],"tax_additional":{"categories":{"linked":["<a href=\"https:\/\/poloniabrasil.org.br\/site\/category\/destaque\/\" class=\"advgb-post-tax-term\">Destaque<\/a>","<a href=\"https:\/\/poloniabrasil.org.br\/site\/category\/eventos\/\" class=\"advgb-post-tax-term\">Eventos<\/a>","<a href=\"https:\/\/poloniabrasil.org.br\/site\/category\/noticias\/\" class=\"advgb-post-tax-term\">Not\u00edcias<\/a>","<a href=\"https:\/\/poloniabrasil.org.br\/site\/category\/projetos-e-iniciativas\/\" class=\"advgb-post-tax-term\">Projetos e Iniciativas<\/a>","<a href=\"https:\/\/poloniabrasil.org.br\/site\/category\/sem-categoria\/\" class=\"advgb-post-tax-term\">Sem categoria<\/a>"],"unlinked":["<span class=\"advgb-post-tax-term\">Destaque<\/span>","<span class=\"advgb-post-tax-term\">Eventos<\/span>","<span class=\"advgb-post-tax-term\">Not\u00edcias<\/span>","<span class=\"advgb-post-tax-term\">Projetos e Iniciativas<\/span>","<span class=\"advgb-post-tax-term\">Sem categoria<\/span>"]}},"comment_count":"2","relative_dates":{"created":"Publicado 8 meses atr\u00e1s","modified":"Atualizado 8 meses atr\u00e1s"},"absolute_dates":{"created":"Publicado em 31 de agosto de 2025","modified":"Atualizado em 12 de setembro de 2025"},"absolute_dates_time":{"created":"Publicado em 31 de agosto de 2025 19:00","modified":"Atualizado em 12 de setembro de 2025 19:00"},"featured_img_caption":"","series_order":"","jetpack_sharing_enabled":true,"_links":{"self":[{"href":"https:\/\/poloniabrasil.org.br\/site\/wp-json\/wp\/v2\/posts\/4280","targetHints":{"allow":["GET"]}}],"collection":[{"href":"https:\/\/poloniabrasil.org.br\/site\/wp-json\/wp\/v2\/posts"}],"about":[{"href":"https:\/\/poloniabrasil.org.br\/site\/wp-json\/wp\/v2\/types\/post"}],"author":[{"embeddable":true,"href":"https:\/\/poloniabrasil.org.br\/site\/wp-json\/wp\/v2\/users\/1"}],"replies":[{"embeddable":true,"href":"https:\/\/poloniabrasil.org.br\/site\/wp-json\/wp\/v2\/comments?post=4280"}],"version-history":[{"count":1,"href":"https:\/\/poloniabrasil.org.br\/site\/wp-json\/wp\/v2\/posts\/4280\/revisions"}],"predecessor-version":[{"id":4283,"href":"https:\/\/poloniabrasil.org.br\/site\/wp-json\/wp\/v2\/posts\/4280\/revisions\/4283"}],"wp:featuredmedia":[{"embeddable":true,"href":"https:\/\/poloniabrasil.org.br\/site\/wp-json\/wp\/v2\/media\/4287"}],"wp:attachment":[{"href":"https:\/\/poloniabrasil.org.br\/site\/wp-json\/wp\/v2\/media?parent=4280"}],"wp:term":[{"taxonomy":"category","embeddable":true,"href":"https:\/\/poloniabrasil.org.br\/site\/wp-json\/wp\/v2\/categories?post=4280"},{"taxonomy":"post_tag","embeddable":true,"href":"https:\/\/poloniabrasil.org.br\/site\/wp-json\/wp\/v2\/tags?post=4280"}],"curies":[{"name":"wp","href":"https:\/\/api.w.org\/{rel}","templated":true}]}}