{"id":4207,"date":"2025-06-30T22:25:11","date_gmt":"2025-07-01T01:25:11","guid":{"rendered":"https:\/\/poloniabrasil.org.br\/site\/?p=4207"},"modified":"2025-06-30T22:25:12","modified_gmt":"2025-07-01T01:25:12","slug":"esta-no-ar-o-boletim-tak-no40","status":"publish","type":"post","link":"https:\/\/poloniabrasil.org.br\/site\/2025\/06\/30\/esta-no-ar-o-boletim-tak-no40\/","title":{"rendered":"Est\u00e1 no ar o Boletim TAK! n\u00ba40"},"content":{"rendered":"\n<p>Prezados leitores,<br>Nesta edi\u00e7\u00e3o temos muito a comemorar: os 135 anos da Sociedade Polono-Brasileira Tadeusz Ko\u015bciuszko, os 13 anos da Casa da Cultura Pol\u00f4nia<br>Brasil, o lan\u00e7amento do 40\u00ba n\u00famero do TAK! e a chegada do novo C\u00f4nsul-Geral da Pol\u00f4nia, Sr. Wojciech Baczy\u0144ski que assumiu o cargo no \u00faltimo<br>dia 09 de junho. A imagem da capa deste n\u00famero festivo, faz parte de uma s\u00e9rie de fotografias sobre algumas paisagens do Parque Nacional de Biebrza, tornado calend\u00e1rio por iniciativa do Consulado-Geral da Rep\u00fablica da Pol\u00f4nia de Curitiba. Nas p\u00e1ginas seguintes, uma mat\u00e9ria completa sobre este exuberante parque. Fabricio Vicroski faz uma entrevista com a vice ministra da Educa\u00e7\u00e3o, Joanna Mucha, em Vars\u00f3via, enfatizando a import\u00e2ncia da l\u00edngua polonesa utilizada no Brasil pelos descendentes, e a linguagem contempor\u00e2nea, falada na Pol\u00f4nia. Renata Matusiak relata como foi a oficina de ovos de P\u00e1scoa realizada em Papanduva e fala tamb\u00e9m sobre as a\u00e7\u00f5es da ORPEG naquela comunidade, que apoia a manuten\u00e7\u00e3o da polonidade entre seus habitantes. Marek Makowski analisa a emigra\u00e7\u00e3o polonesa e o contexto hist\u00f3rico da Constitui\u00e7\u00e3o de 3 de maio, e como esses eventos est\u00e3o intimamente imbricados. A Funda\u00e7\u00e3o Jos\u00e9 Walendowsky traz a programa\u00e7\u00e3o do 16\u00ba Evento Cultural Polon\u00eas em Brusque, evento que est\u00e1 definitivamente consolidado. Esta funda\u00e7\u00e3o traz tamb\u00e9m a bela iniciativa na promo\u00e7\u00e3o do interc\u00e2mbio de estudantes brasileiros e poloneses. Michel Kobelinski participou da 23\u00aa Semana Nacional dos Museus, com oficina, palestra e compartilhamento de uma obra que articula a hist\u00f3ria p\u00fablica, museologia social e pr\u00e1ticas educativas, na Caixa Cultural de Curitiba. O leitor encontrar\u00e1 na pr\u00f3xima p\u00e1gina, a carta de apresenta\u00e7\u00e3o do novo C\u00f4nsul-Geral \u00e0s comunidades, e ao p\u00fablico em geral. E nesta oportunidade, toda a equipe do TAK! enseja as boas vindas ao C\u00f4nsul Wojciech Baczy\u0144ski desejando muito sucesso em sua gest\u00e3o e nos colocando \u00e0 disposi\u00e7\u00e3o para trabalharmos nesta que \u00e9 uma miss\u00e3o conjunta, a manuten\u00e7\u00e3o e divulga\u00e7\u00e3o da cultura polonesa e de seus descendentes fortalecendo assim, os la\u00e7os dos nossos dois pa\u00edses.<br>Serdecznie witamy!<br>Izabel LIVISKI<\/p>\n\n\n\n<div data-wp-interactive=\"core\/file\" class=\"wp-block-file\"><object data-wp-bind--hidden=\"!state.hasPdfPreview\" hidden class=\"wp-block-file__embed\" data=\"https:\/\/poloniabrasil.org.br\/site\/wp-content\/uploads\/2025\/06\/TAK40-maio_junho_2025_ok.pdf\" type=\"application\/pdf\" style=\"width:100%;height:600px\" aria-label=\"Incorporado de TAK!40 - maio_junho_2025_ok.\"><\/object><a id=\"wp-block-file--media-0e70eea7-9499-4b02-a9d3-4c4d3beda46c\" href=\"https:\/\/poloniabrasil.org.br\/site\/wp-content\/uploads\/2025\/06\/TAK40-maio_junho_2025_ok.pdf\">TAK!40 &#8211; maio_junho_2025_ok<\/a><a href=\"https:\/\/poloniabrasil.org.br\/site\/wp-content\/uploads\/2025\/06\/TAK40-maio_junho_2025_ok.pdf\" class=\"wp-block-file__button wp-element-button\" download aria-describedby=\"wp-block-file--media-0e70eea7-9499-4b02-a9d3-4c4d3beda46c\">Baixar<\/a><\/div>\n","protected":false},"excerpt":{"rendered":"<p>Prezados leitores,Nesta edi\u00e7\u00e3o temos muito a comemorar: os 135 anos da Sociedade Polono-Brasileira Tadeusz Ko\u015bciuszko, os 13 anos da Casa da Cultura Pol\u00f4niaBrasil, o lan\u00e7amento do 40\u00ba n\u00famero do TAK! e a chegada do novo C\u00f4nsul-Geral da Pol\u00f4nia, Sr. Wojciech Baczy\u0144ski que assumiu o cargo no \u00faltimodia 09 de junho. A imagem da capa deste [&hellip;]<\/p>\n","protected":false},"author":1,"featured_media":4208,"comment_status":"open","ping_status":"open","sticky":false,"template":"","format":"standard","meta":{"advgb_blocks_editor_width":"","advgb_blocks_columns_visual_guide":"","site-sidebar-layout":"default","site-content-layout":"","ast-site-content-layout":"default","site-content-style":"default","site-sidebar-style":"default","ast-global-header-display":"","ast-banner-title-visibility":"","ast-main-header-display":"","ast-hfb-above-header-display":"","ast-hfb-below-header-display":"","ast-hfb-mobile-header-display":"","site-post-title":"","ast-breadcrumbs-content":"","ast-featured-img":"","footer-sml-layout":"","theme-transparent-header-meta":"","adv-header-id-meta":"","stick-header-meta":"","header-above-stick-meta":"","header-main-stick-meta":"","header-below-stick-meta":"","astra-migrate-meta-layouts":"set","ast-page-background-enabled":"default","ast-page-background-meta":{"desktop":{"background-color":"var(--ast-global-color-4)","background-image":"","background-repeat":"repeat","background-position":"center center","background-size":"auto","background-attachment":"scroll","background-type":"","background-media":"","overlay-type":"","overlay-color":"","overlay-opacity":"","overlay-gradient":""},"tablet":{"background-color":"","background-image":"","background-repeat":"repeat","background-position":"center center","background-size":"auto","background-attachment":"scroll","background-type":"","background-media":"","overlay-type":"","overlay-color":"","overlay-opacity":"","overlay-gradient":""},"mobile":{"background-color":"","background-image":"","background-repeat":"repeat","background-position":"center center","background-size":"auto","background-attachment":"scroll","background-type":"","background-media":"","overlay-type":"","overlay-color":"","overlay-opacity":"","overlay-gradient":""}},"ast-content-background-meta":{"desktop":{"background-color":"var(--ast-global-color-5)","background-image":"","background-repeat":"repeat","background-position":"center center","background-size":"auto","background-attachment":"scroll","background-type":"","background-media":"","overlay-type":"","overlay-color":"","overlay-opacity":"","overlay-gradient":""},"tablet":{"background-color":"var(--ast-global-color-5)","background-image":"","background-repeat":"repeat","background-position":"center center","background-size":"auto","background-attachment":"scroll","background-type":"","background-media":"","overlay-type":"","overlay-color":"","overlay-opacity":"","overlay-gradient":""},"mobile":{"background-color":"var(--ast-global-color-5)","background-image":"","background-repeat":"repeat","background-position":"center center","background-size":"auto","background-attachment":"scroll","background-type":"","background-media":"","overlay-type":"","overlay-color":"","overlay-opacity":"","overlay-gradient":""}},"_jetpack_memberships_contains_paid_content":false,"footnotes":""},"categories":[271,6,302],"tags":[],"class_list":["post-4207","post","type-post","status-publish","format-standard","has-post-thumbnail","hentry","category-tak","category-destaque","category-tak-tak"],"author_meta":{"display_name":"adm_casa","author_link":"https:\/\/poloniabrasil.org.br\/site\/author\/adm_casa\/"},"featured_img":"https:\/\/poloniabrasil.org.br\/site\/wp-content\/uploads\/2025\/06\/Captura-de-tela-2025-06-30-222224-210x300.png","jetpack_featured_media_url":"https:\/\/poloniabrasil.org.br\/site\/wp-content\/uploads\/2025\/06\/Captura-de-tela-2025-06-30-222224.png","coauthors":[],"tax_additional":{"categories":{"linked":["<a href=\"https:\/\/poloniabrasil.org.br\/site\/category\/tak\/\" class=\"advgb-post-tax-term\">Boletim Tak!<\/a>","<a href=\"https:\/\/poloniabrasil.org.br\/site\/category\/destaque\/\" class=\"advgb-post-tax-term\">Destaque<\/a>","<a href=\"https:\/\/poloniabrasil.org.br\/site\/category\/tak-tak\/\" class=\"advgb-post-tax-term\">TAK!<\/a>"],"unlinked":["<span class=\"advgb-post-tax-term\">Boletim Tak!<\/span>","<span class=\"advgb-post-tax-term\">Destaque<\/span>","<span class=\"advgb-post-tax-term\">TAK!<\/span>"]}},"comment_count":"1","relative_dates":{"created":"Publicado 10 meses atr\u00e1s","modified":"Atualizado 10 meses atr\u00e1s"},"absolute_dates":{"created":"Publicado em 30 de junho de 2025","modified":"Atualizado em 30 de junho de 2025"},"absolute_dates_time":{"created":"Publicado em 30 de junho de 2025 22:25","modified":"Atualizado em 30 de junho de 2025 22:25"},"featured_img_caption":"","series_order":"","jetpack_sharing_enabled":true,"_links":{"self":[{"href":"https:\/\/poloniabrasil.org.br\/site\/wp-json\/wp\/v2\/posts\/4207","targetHints":{"allow":["GET"]}}],"collection":[{"href":"https:\/\/poloniabrasil.org.br\/site\/wp-json\/wp\/v2\/posts"}],"about":[{"href":"https:\/\/poloniabrasil.org.br\/site\/wp-json\/wp\/v2\/types\/post"}],"author":[{"embeddable":true,"href":"https:\/\/poloniabrasil.org.br\/site\/wp-json\/wp\/v2\/users\/1"}],"replies":[{"embeddable":true,"href":"https:\/\/poloniabrasil.org.br\/site\/wp-json\/wp\/v2\/comments?post=4207"}],"version-history":[{"count":1,"href":"https:\/\/poloniabrasil.org.br\/site\/wp-json\/wp\/v2\/posts\/4207\/revisions"}],"predecessor-version":[{"id":4210,"href":"https:\/\/poloniabrasil.org.br\/site\/wp-json\/wp\/v2\/posts\/4207\/revisions\/4210"}],"wp:featuredmedia":[{"embeddable":true,"href":"https:\/\/poloniabrasil.org.br\/site\/wp-json\/wp\/v2\/media\/4208"}],"wp:attachment":[{"href":"https:\/\/poloniabrasil.org.br\/site\/wp-json\/wp\/v2\/media?parent=4207"}],"wp:term":[{"taxonomy":"category","embeddable":true,"href":"https:\/\/poloniabrasil.org.br\/site\/wp-json\/wp\/v2\/categories?post=4207"},{"taxonomy":"post_tag","embeddable":true,"href":"https:\/\/poloniabrasil.org.br\/site\/wp-json\/wp\/v2\/tags?post=4207"}],"curies":[{"name":"wp","href":"https:\/\/api.w.org\/{rel}","templated":true}]}}