{"id":2689,"date":"2021-10-03T02:46:32","date_gmt":"2021-10-03T02:46:32","guid":{"rendered":"http:\/\/poloniabrasil.org.br\/?p=2689"},"modified":"2022-07-01T13:14:41","modified_gmt":"2022-07-01T16:14:41","slug":"150-anos-da-imigracao-polonesa-no-parana","status":"publish","type":"post","link":"https:\/\/poloniabrasil.org.br\/site\/2021\/10\/03\/150-anos-da-imigracao-polonesa-no-parana\/","title":{"rendered":"150 anos da Imigra\u00e7\u00e3o Polonesa no Paran\u00e1"},"content":{"rendered":"<p><!--:pt--><a href=\"http:\/\/poloniabrasil.org.br\/wp-content\/uploads\/2021\/10\/ben\u00e7\u00e3o-da-placa.jpg\"><img loading=\"lazy\" decoding=\"async\" class=\"aligncenter size-medium wp-image-2690\" src=\"http:\/\/poloniabrasil.org.br\/wp-content\/uploads\/2021\/10\/ben\u00e7\u00e3o-da-placa-300x169.jpg\" alt=\"ben\u00e7\u00e3o da placa\" width=\"300\" height=\"169\"><\/a>A Casa da Cultura Pol\u00f4nia Brasil participou no dia 30 de setembro da Comemora\u00e7\u00e3o dos 150 Anos da Imigra\u00e7\u00e3o Polonesa no Paran\u00e1. O evento foi organizado pelo N\u00facleo Braspol Pilarzinho com apoio do Consulado Geral da Rep\u00fablica da Pol\u00f4nia em Curitiba.<\/p>\n<p>A programa\u00e7\u00e3o iniciou \u00e0s 15h com o lan\u00e7amento do Selo Comemorativo pelos Correios no Pavilh\u00e3o das Etnias do Memorial de Curitiba<a href=\"http:\/\/poloniabrasil.org.br\/wp-content\/uploads\/2021\/10\/assinatura-do-cartaz.jpg\">.<\/a><\/p>\n<figure id=\"attachment_2692\" aria-describedby=\"caption-attachment-2692\" style=\"width: 300px\" class=\"wp-caption aligncenter\"><a href=\"http:\/\/poloniabrasil.org.br\/wp-content\/uploads\/2021\/10\/assinatura-do-cartaz.jpg\"><img loading=\"lazy\" decoding=\"async\" class=\"size-medium wp-image-2692\" src=\"http:\/\/poloniabrasil.org.br\/wp-content\/uploads\/2021\/10\/assinatura-do-cartaz-300x169.jpg\" alt=\"Autoridades presentes no evento.\" width=\"300\" height=\"169\"><\/a><figcaption id=\"caption-attachment-2692\" class=\"wp-caption-text\">Autoridades presentes no evento.<\/figcaption><\/figure>\n<p>Com a presen\u00e7a de muitas autoridades polonesas e brasileiras, civis e militares, o evento continuou no Bairro Pilarzinho, onde se instalaram os primeiros poloneses, com o descerramento da placa em homenagem aos imigrantes pioneiros, ao lado da Igreja Matriz S\u00e3o Marcos.<\/p>\n<p>Na sequ\u00eancia foi realizada uma Santa Missa Solene em A\u00e7\u00e3o de Gra\u00e7as, coroando o grandioso evento.<\/p>\n<figure id=\"attachment_2691\" aria-describedby=\"caption-attachment-2691\" style=\"width: 300px\" class=\"wp-caption aligncenter\"><a href=\"http:\/\/poloniabrasil.org.br\/wp-content\/uploads\/2021\/10\/casa-da-cultura-no-evento.jpg\"><img loading=\"lazy\" decoding=\"async\" class=\"size-medium wp-image-2691\" src=\"http:\/\/poloniabrasil.org.br\/wp-content\/uploads\/2021\/10\/casa-da-cultura-no-evento-300x169.jpg\" alt=\"Equipe da Casa da Cultura Pol\u00f4nia Brasil presente no evento dos 150 anos da chegada dos poloneses ao Paran\u00e1.\" width=\"300\" height=\"169\"><\/a><figcaption id=\"caption-attachment-2691\" class=\"wp-caption-text\">Equipe da Casa da Cultura Pol\u00f4nia Brasil presente no evento<\/figcaption><\/figure>\n<figure id=\"attachment_2693\" aria-describedby=\"caption-attachment-2693\" style=\"width: 300px\" class=\"wp-caption aligncenter\"><a href=\"http:\/\/poloniabrasil.org.br\/wp-content\/uploads\/2021\/10\/DSC00657.jpg\"><img loading=\"lazy\" decoding=\"async\" class=\"size-medium wp-image-2693\" src=\"http:\/\/poloniabrasil.org.br\/wp-content\/uploads\/2021\/10\/DSC00657-300x169.jpg\" alt=\"Membros da comiss\u00e3o organizadora com dan\u00e7arinos do Grupo Wis\u0142a\" width=\"300\" height=\"169\"><\/a><figcaption id=\"caption-attachment-2693\" class=\"wp-caption-text\">Membros da comiss\u00e3o organizadora com dan\u00e7arinos do Grupo Wis\u0142a<\/figcaption><\/figure>\n<p><!--:--><\/p>\n","protected":false},"excerpt":{"rendered":"<p>A Casa da Cultura Pol\u00f4nia Brasil participou no dia 30 de setembro da Comemora\u00e7\u00e3o dos 150 Anos da Imigra\u00e7\u00e3o Polonesa no Paran\u00e1. O evento foi organizado pelo N\u00facleo Braspol Pilarzinho com apoio do Consulado Geral da Rep\u00fablica da Pol\u00f4nia em Curitiba. A programa\u00e7\u00e3o iniciou \u00e0s 15h com o lan\u00e7amento do Selo Comemorativo pelos Correios no [&hellip;]<\/p>\n","protected":false},"author":1,"featured_media":3137,"comment_status":"closed","ping_status":"closed","sticky":false,"template":"","format":"standard","meta":{"advgb_blocks_editor_width":"","advgb_blocks_columns_visual_guide":"","site-sidebar-layout":"default","site-content-layout":"","ast-site-content-layout":"","site-content-style":"default","site-sidebar-style":"default","ast-global-header-display":"","ast-banner-title-visibility":"","ast-main-header-display":"","ast-hfb-above-header-display":"","ast-hfb-below-header-display":"","ast-hfb-mobile-header-display":"","site-post-title":"","ast-breadcrumbs-content":"","ast-featured-img":"disabled","footer-sml-layout":"","theme-transparent-header-meta":"","adv-header-id-meta":"","stick-header-meta":"","header-above-stick-meta":"","header-main-stick-meta":"","header-below-stick-meta":"","astra-migrate-meta-layouts":"default","ast-page-background-enabled":"default","ast-page-background-meta":{"desktop":{"background-color":"var(--ast-global-color-4)","background-image":"","background-repeat":"repeat","background-position":"center center","background-size":"auto","background-attachment":"scroll","background-type":"","background-media":"","overlay-type":"","overlay-color":"","overlay-opacity":"","overlay-gradient":""},"tablet":{"background-color":"","background-image":"","background-repeat":"repeat","background-position":"center center","background-size":"auto","background-attachment":"scroll","background-type":"","background-media":"","overlay-type":"","overlay-color":"","overlay-opacity":"","overlay-gradient":""},"mobile":{"background-color":"","background-image":"","background-repeat":"repeat","background-position":"center center","background-size":"auto","background-attachment":"scroll","background-type":"","background-media":"","overlay-type":"","overlay-color":"","overlay-opacity":"","overlay-gradient":""}},"ast-content-background-meta":{"desktop":{"background-color":"var(--ast-global-color-5)","background-image":"","background-repeat":"repeat","background-position":"center center","background-size":"auto","background-attachment":"scroll","background-type":"","background-media":"","overlay-type":"","overlay-color":"","overlay-opacity":"","overlay-gradient":""},"tablet":{"background-color":"var(--ast-global-color-5)","background-image":"","background-repeat":"repeat","background-position":"center center","background-size":"auto","background-attachment":"scroll","background-type":"","background-media":"","overlay-type":"","overlay-color":"","overlay-opacity":"","overlay-gradient":""},"mobile":{"background-color":"var(--ast-global-color-5)","background-image":"","background-repeat":"repeat","background-position":"center center","background-size":"auto","background-attachment":"scroll","background-type":"","background-media":"","overlay-type":"","overlay-color":"","overlay-opacity":"","overlay-gradient":""}},"_jetpack_memberships_contains_paid_content":false,"footnotes":""},"categories":[6,5,2],"tags":[],"class_list":["post-2689","post","type-post","status-publish","format-standard","has-post-thumbnail","hentry","category-destaque","category-eventos","category-noticias"],"author_meta":{"display_name":"adm_casa","author_link":"https:\/\/poloniabrasil.org.br\/site\/author\/adm_casa\/"},"featured_img":"https:\/\/poloniabrasil.org.br\/site\/wp-content\/uploads\/2021\/10\/bencao-da-placa.jpg","jetpack_featured_media_url":"https:\/\/poloniabrasil.org.br\/site\/wp-content\/uploads\/2021\/10\/bencao-da-placa.jpg","coauthors":[],"tax_additional":{"categories":{"linked":["<a href=\"https:\/\/poloniabrasil.org.br\/site\/category\/destaque\/\" class=\"advgb-post-tax-term\">Destaque<\/a>","<a href=\"https:\/\/poloniabrasil.org.br\/site\/category\/eventos\/\" class=\"advgb-post-tax-term\">Eventos<\/a>","<a href=\"https:\/\/poloniabrasil.org.br\/site\/category\/noticias\/\" class=\"advgb-post-tax-term\">Not\u00edcias<\/a>"],"unlinked":["<span class=\"advgb-post-tax-term\">Destaque<\/span>","<span class=\"advgb-post-tax-term\">Eventos<\/span>","<span class=\"advgb-post-tax-term\">Not\u00edcias<\/span>"]}},"comment_count":"0","relative_dates":{"created":"Publicado 5 anos atr\u00e1s","modified":"Atualizado 4 anos atr\u00e1s"},"absolute_dates":{"created":"Publicado em 3 de outubro de 2021","modified":"Atualizado em 1 de julho de 2022"},"absolute_dates_time":{"created":"Publicado em 3 de outubro de 2021 02:46","modified":"Atualizado em 1 de julho de 2022 13:14"},"featured_img_caption":"","series_order":"","jetpack_sharing_enabled":true,"_links":{"self":[{"href":"https:\/\/poloniabrasil.org.br\/site\/wp-json\/wp\/v2\/posts\/2689","targetHints":{"allow":["GET"]}}],"collection":[{"href":"https:\/\/poloniabrasil.org.br\/site\/wp-json\/wp\/v2\/posts"}],"about":[{"href":"https:\/\/poloniabrasil.org.br\/site\/wp-json\/wp\/v2\/types\/post"}],"author":[{"embeddable":true,"href":"https:\/\/poloniabrasil.org.br\/site\/wp-json\/wp\/v2\/users\/1"}],"replies":[{"embeddable":true,"href":"https:\/\/poloniabrasil.org.br\/site\/wp-json\/wp\/v2\/comments?post=2689"}],"version-history":[{"count":1,"href":"https:\/\/poloniabrasil.org.br\/site\/wp-json\/wp\/v2\/posts\/2689\/revisions"}],"predecessor-version":[{"id":3138,"href":"https:\/\/poloniabrasil.org.br\/site\/wp-json\/wp\/v2\/posts\/2689\/revisions\/3138"}],"wp:featuredmedia":[{"embeddable":true,"href":"https:\/\/poloniabrasil.org.br\/site\/wp-json\/wp\/v2\/media\/3137"}],"wp:attachment":[{"href":"https:\/\/poloniabrasil.org.br\/site\/wp-json\/wp\/v2\/media?parent=2689"}],"wp:term":[{"taxonomy":"category","embeddable":true,"href":"https:\/\/poloniabrasil.org.br\/site\/wp-json\/wp\/v2\/categories?post=2689"},{"taxonomy":"post_tag","embeddable":true,"href":"https:\/\/poloniabrasil.org.br\/site\/wp-json\/wp\/v2\/tags?post=2689"}],"curies":[{"name":"wp","href":"https:\/\/api.w.org\/{rel}","templated":true}]}}