{"id":2385,"date":"2021-03-09T01:18:22","date_gmt":"2021-03-09T01:18:22","guid":{"rendered":"http:\/\/poloniabrasil.org.br\/?p=2385"},"modified":"2021-03-09T01:18:22","modified_gmt":"2021-03-09T01:18:22","slug":"concurso-byc-polakiem-2021-para-criancas-jovens-e-professores","status":"publish","type":"post","link":"https:\/\/poloniabrasil.org.br\/site\/2021\/03\/09\/concurso-byc-polakiem-2021-para-criancas-jovens-e-professores\/","title":{"rendered":"CONCURSO \u201eBY\u0106 POLAKIEM\u201d 2021  PARA CRIAN\u00c7AS, JOVENS E PROFESSORES"},"content":{"rendered":"<p><!--:pt--><a href=\"http:\/\/poloniabrasil.org.br\/wp-content\/uploads\/2021\/03\/CARTAZ-CONCURSO-BYC-POLAKIEM-2021.jpg\"><img loading=\"lazy\" decoding=\"async\" class=\"aligncenter size-medium wp-image-2386\" src=\"http:\/\/poloniabrasil.org.br\/wp-content\/uploads\/2021\/03\/CARTAZ-CONCURSO-BYC-POLAKIEM-2021-212x300.jpg\" alt=\"CARTAZ CONCURSO BYC POLAKIEM 2021\" width=\"212\" height=\"300\" \/><\/a><\/p>\n<p>A Casa da Cultura Pol\u00f4nia Brasil divulga a 12\u00aa edi\u00e7\u00e3o do Concurso <strong>\u201eBy\u0107 Polakiem\u201d<\/strong> (\u201cSer polon\u00eas\u201d), edi\u00e7\u00e3o 2021, que ser\u00e1 realizado na Pol\u00f4nia e t\u00eam como Organizadores a <strong>Stowarzyszenie \u201eWsp\u00f3lnota<\/strong> <strong>Polska,<\/strong>\u201d a <strong>\u201cFunda\u00e7\u00e3o \u015awiat na Tak\u201d e a \u201cAssocia\u00e7\u00e3o Comunidade Polaca.\u201d<\/strong><\/p>\n<p>Poder\u00e3o participar deste evento: crian\u00e7as, jovens e professores de escolas polonesas que vivem fora da Pol\u00f4nia.<\/p>\n<p>O objetivo deste concurso \u00e9 aprofundar a consci\u00eancia polonesa e fortalecer a identidade nacional, bem como desenvolver atitudes patri\u00f3ticas e sociais dos participantes.<\/p>\n<p>Para participar desta competi\u00e7\u00e3o, dever\u00e3o ser inscritos at\u00e9 o dia <strong>18\/04\/21:<\/strong> <strong><em>trabalhos escritos em polon\u00eas, trabalhos de Arte e filmes realizados com vers\u00e3o<\/em> <em>em L\u00edngua Polonesa, <\/em><\/strong>cujos temas est\u00e3o descritos no regulamento do evento.<\/p>\n<p>Maiores informa\u00e7\u00f5es sobre o concurso poder\u00e3o ser encontradas no link: <a href=\"http:\/\/www.bycpolakiem.pl\/\">www.bycpolakiem.pl<\/a><\/p>\n<p>Aten\u00e7\u00e3o: Todas as informa\u00e7\u00f5es sobre o concurso devem ser obtidas atrav\u00e9s do site\u00a0<a href=\"http:\/\/www.bycpolakiem.pl\/\">www.bycpolakiem.pl<\/a>.<\/p>\n<p>A Casa da Cultura Pol\u00f4nia Brasil est\u00e1 apenas divulgando o evento.<\/p>\n<p>&nbsp;<!--:--><\/p>\n","protected":false},"excerpt":{"rendered":"<p>A Casa da Cultura Pol\u00f4nia Brasil divulga a 12\u00aa edi\u00e7\u00e3o do Concurso \u201eBy\u0107 Polakiem\u201d (\u201cSer polon\u00eas\u201d), edi\u00e7\u00e3o 2021, que ser\u00e1 realizado na Pol\u00f4nia e t\u00eam como Organizadores a Stowarzyszenie \u201eWsp\u00f3lnota Polska,\u201d a \u201cFunda\u00e7\u00e3o \u015awiat na Tak\u201d e a \u201cAssocia\u00e7\u00e3o Comunidade Polaca.\u201d Poder\u00e3o participar deste evento: crian\u00e7as, jovens e professores de escolas polonesas que vivem fora [&hellip;]<\/p>\n","protected":false},"author":1,"featured_media":2386,"comment_status":"closed","ping_status":"closed","sticky":false,"template":"","format":"standard","meta":{"advgb_blocks_editor_width":"","advgb_blocks_columns_visual_guide":"","site-sidebar-layout":"default","site-content-layout":"","ast-site-content-layout":"","site-content-style":"default","site-sidebar-style":"default","ast-global-header-display":"","ast-banner-title-visibility":"","ast-main-header-display":"","ast-hfb-above-header-display":"","ast-hfb-below-header-display":"","ast-hfb-mobile-header-display":"","site-post-title":"","ast-breadcrumbs-content":"","ast-featured-img":"","footer-sml-layout":"","theme-transparent-header-meta":"","adv-header-id-meta":"","stick-header-meta":"","header-above-stick-meta":"","header-main-stick-meta":"","header-below-stick-meta":"","astra-migrate-meta-layouts":"default","ast-page-background-enabled":"default","ast-page-background-meta":{"desktop":{"background-color":"var(--ast-global-color-4)","background-image":"","background-repeat":"repeat","background-position":"center center","background-size":"auto","background-attachment":"scroll","background-type":"","background-media":"","overlay-type":"","overlay-color":"","overlay-opacity":"","overlay-gradient":""},"tablet":{"background-color":"","background-image":"","background-repeat":"repeat","background-position":"center center","background-size":"auto","background-attachment":"scroll","background-type":"","background-media":"","overlay-type":"","overlay-color":"","overlay-opacity":"","overlay-gradient":""},"mobile":{"background-color":"","background-image":"","background-repeat":"repeat","background-position":"center center","background-size":"auto","background-attachment":"scroll","background-type":"","background-media":"","overlay-type":"","overlay-color":"","overlay-opacity":"","overlay-gradient":""}},"ast-content-background-meta":{"desktop":{"background-color":"var(--ast-global-color-5)","background-image":"","background-repeat":"repeat","background-position":"center center","background-size":"auto","background-attachment":"scroll","background-type":"","background-media":"","overlay-type":"","overlay-color":"","overlay-opacity":"","overlay-gradient":""},"tablet":{"background-color":"var(--ast-global-color-5)","background-image":"","background-repeat":"repeat","background-position":"center center","background-size":"auto","background-attachment":"scroll","background-type":"","background-media":"","overlay-type":"","overlay-color":"","overlay-opacity":"","overlay-gradient":""},"mobile":{"background-color":"var(--ast-global-color-5)","background-image":"","background-repeat":"repeat","background-position":"center center","background-size":"auto","background-attachment":"scroll","background-type":"","background-media":"","overlay-type":"","overlay-color":"","overlay-opacity":"","overlay-gradient":""}},"_jetpack_memberships_contains_paid_content":false,"footnotes":""},"categories":[6,2],"tags":[],"class_list":["post-2385","post","type-post","status-publish","format-standard","has-post-thumbnail","hentry","category-destaque","category-noticias"],"author_meta":{"display_name":"adm_casa","author_link":"https:\/\/poloniabrasil.org.br\/site\/author\/adm_casa\/"},"featured_img":"https:\/\/poloniabrasil.org.br\/site\/wp-content\/uploads\/2021\/03\/CARTAZ-CONCURSO-BYC-POLAKIEM-2021-2-212x300.jpg","jetpack_featured_media_url":"https:\/\/poloniabrasil.org.br\/site\/wp-content\/uploads\/2021\/03\/CARTAZ-CONCURSO-BYC-POLAKIEM-2021-2-scaled.jpg","coauthors":[],"tax_additional":{"categories":{"linked":["<a href=\"https:\/\/poloniabrasil.org.br\/site\/category\/destaque\/\" class=\"advgb-post-tax-term\">Destaque<\/a>","<a href=\"https:\/\/poloniabrasil.org.br\/site\/category\/noticias\/\" class=\"advgb-post-tax-term\">Not\u00edcias<\/a>"],"unlinked":["<span class=\"advgb-post-tax-term\">Destaque<\/span>","<span class=\"advgb-post-tax-term\">Not\u00edcias<\/span>"]}},"comment_count":"0","relative_dates":{"created":"Publicado 5 anos atr\u00e1s","modified":"Atualizado 5 anos atr\u00e1s"},"absolute_dates":{"created":"Publicado em 9 de mar\u00e7o de 2021","modified":"Atualizado em 9 de mar\u00e7o de 2021"},"absolute_dates_time":{"created":"Publicado em 9 de mar\u00e7o de 2021 01:18","modified":"Atualizado em 9 de mar\u00e7o de 2021 01:18"},"featured_img_caption":"","series_order":"","jetpack_sharing_enabled":true,"_links":{"self":[{"href":"https:\/\/poloniabrasil.org.br\/site\/wp-json\/wp\/v2\/posts\/2385","targetHints":{"allow":["GET"]}}],"collection":[{"href":"https:\/\/poloniabrasil.org.br\/site\/wp-json\/wp\/v2\/posts"}],"about":[{"href":"https:\/\/poloniabrasil.org.br\/site\/wp-json\/wp\/v2\/types\/post"}],"author":[{"embeddable":true,"href":"https:\/\/poloniabrasil.org.br\/site\/wp-json\/wp\/v2\/users\/1"}],"replies":[{"embeddable":true,"href":"https:\/\/poloniabrasil.org.br\/site\/wp-json\/wp\/v2\/comments?post=2385"}],"version-history":[{"count":0,"href":"https:\/\/poloniabrasil.org.br\/site\/wp-json\/wp\/v2\/posts\/2385\/revisions"}],"wp:featuredmedia":[{"embeddable":true,"href":"https:\/\/poloniabrasil.org.br\/site\/wp-json\/wp\/v2\/media\/2386"}],"wp:attachment":[{"href":"https:\/\/poloniabrasil.org.br\/site\/wp-json\/wp\/v2\/media?parent=2385"}],"wp:term":[{"taxonomy":"category","embeddable":true,"href":"https:\/\/poloniabrasil.org.br\/site\/wp-json\/wp\/v2\/categories?post=2385"},{"taxonomy":"post_tag","embeddable":true,"href":"https:\/\/poloniabrasil.org.br\/site\/wp-json\/wp\/v2\/tags?post=2385"}],"curies":[{"name":"wp","href":"https:\/\/api.w.org\/{rel}","templated":true}]}}