{"id":2174,"date":"2020-09-23T18:59:18","date_gmt":"2020-09-23T18:59:18","guid":{"rendered":"http:\/\/poloniabrasil.org.br\/?p=2174"},"modified":"2020-09-23T18:59:18","modified_gmt":"2020-09-23T18:59:18","slug":"celebrem-o-dia-europeu-das-linguas-conosco","status":"publish","type":"post","link":"https:\/\/poloniabrasil.org.br\/site\/2020\/09\/23\/celebrem-o-dia-europeu-das-linguas-conosco\/","title":{"rendered":"Celebrem o Dia Europeu das L\u00ednguas conosco!"},"content":{"rendered":"<p><!--:pt--><a href=\"http:\/\/poloniabrasil.org.br\/wp-content\/uploads\/2020\/09\/SpeakDating_2_T.png\"><img loading=\"lazy\" decoding=\"async\" class=\"aligncenter size-medium wp-image-2175\" src=\"http:\/\/poloniabrasil.org.br\/wp-content\/uploads\/2020\/09\/SpeakDating_2_T-300x168.png\" alt=\"SpeakDating_2_T\" width=\"300\" height=\"168\" \/><\/a><\/p>\n<p>No dia 26 de setembro \u00e9 comemorado desde 2001 o Dia Europeu das L\u00ednguas. Essa data comemorativa \u00e9 uma oportunidade para aprendermos sobre a variedade de idiomas falados na Europa, que s\u00e3o mais de 200! O Dia Europeu das L\u00ednguas, institu\u00eddo pelo Conselho da Europa, visa chamar a aten\u00e7\u00e3o para os muitos benef\u00edcios da aprendizagem de idiomas, sem esquecer o desenvolvimento das compet\u00eancias cognitivas.<\/p>\n<p>Esse ano, a festividade ser\u00e1 celebrada de forma diferente por conta da pandemia do Covid-19. O evento ser\u00e1 on-line com um vasto programa cultural, os participantes poder\u00e3o testar os seus conhecimentos lingu\u00edsticos. \u00a0O evento ocorrer\u00e1 em <strong>26 de setembro de 2020<\/strong> das 15:00 \u00e0s 18:00 horas.<\/p>\n<p>Desde 2015 a <strong>Casa da Cultura Pol\u00f4nia-Brasil<\/strong> participa do evento em Curitiba. As comemora\u00e7\u00f5es do Dia Europeu das L\u00ednguas s\u00e3o uma oportunidade para conhecer a diversidade lingu\u00edstica do polon\u00eas, representada pela <strong>Casa da Cultura Pol\u00f4nia-Brasil<\/strong>, num evento que proporciona aos participantes a possibilidade de aprender um pouco mais sobre esse idioma que tamb\u00e9m \u00e9 uma heran\u00e7a lingu\u00edstica aqui no Brasil por motivo das imigra\u00e7\u00f5es que ocorreram no passado.<\/p>\n<p>Na sala virtual do encontro da l\u00edngua polonesa os participantes poder\u00e3o tirar suas d\u00favidas sobre a l\u00edngua polonesa, e tamb\u00e9m praticar a conversa\u00e7\u00e3o com a falante nativa Alicja. <strong>Alicja Goczy\u0142a Ferreira<\/strong> nasceu em Gda\u0144sk (Pol\u00f4nia) e desde 2004 mora em Curitiba. Possui mestrado em Administra\u00e7\u00e3o e Marketing pela Escola de Economia de Vars\u00f3via e em Estudos Lingu\u00edsticos pela Universidade Federal do Paran\u00e1. Nos anos 2006-2014 atuou como professora de l\u00edngua polonesa no Centro de L\u00ednguas da UFPR. Desde 2014 \u00e9 professora de l\u00edngua e literatura polonesa no Curso de Letras-Polon\u00eas na UFPR. Pesquisa a hist\u00f3ria e a presen\u00e7a da l\u00edngua polonesa no Brasil. \u00a0O Encontro tamb\u00e9m contar\u00e1 com as participa\u00e7\u00f5es das professoras de polon\u00eas da Casa da Cultura Pol\u00f4nia- Brasil, <strong>Regiane Maria Czervinski<\/strong> e <strong>Debora Queirolo Mussak<\/strong>.<\/p>\n<p>Para participar do evento os participantes devem realizar a inscri\u00e7\u00e3o na p\u00e1gina <a href=\"https:\/\/zoom.us\/webinar\/register\/WN_NiAeKvHXSWiRxol_k5W2SA\">https:\/\/zoom.us\/webinar\/register\/WN_NiAeKvHXSWiRxol_k5W2SA<\/a>\u00a0 , at\u00e9 o dia 24 de setembro, \u00a0estar logados na sua\u00a0 conta\u00a0 ZOOM e devem\u00a0 fornecer\u00a0 as\u00a0 seguintes\u00a0 informa\u00e7\u00f5es:\u00a0 nome,\u00a0 sobrenome\u00a0 e endere\u00e7o de e-mail.<\/p>\n<p>Convidamos a todos! <em>Zapraszamy wszystkich!<\/em><!--:--><\/p>\n","protected":false},"excerpt":{"rendered":"<p>No dia 26 de setembro \u00e9 comemorado desde 2001 o Dia Europeu das L\u00ednguas. Essa data comemorativa \u00e9 uma oportunidade para aprendermos sobre a variedade de idiomas falados na Europa, que s\u00e3o mais de 200! O Dia Europeu das L\u00ednguas, institu\u00eddo pelo Conselho da Europa, visa chamar a aten\u00e7\u00e3o para os muitos benef\u00edcios da aprendizagem [&hellip;]<\/p>\n","protected":false},"author":1,"featured_media":2175,"comment_status":"closed","ping_status":"closed","sticky":false,"template":"","format":"standard","meta":{"advgb_blocks_editor_width":"","advgb_blocks_columns_visual_guide":"","site-sidebar-layout":"default","site-content-layout":"","ast-site-content-layout":"","site-content-style":"default","site-sidebar-style":"default","ast-global-header-display":"","ast-banner-title-visibility":"","ast-main-header-display":"","ast-hfb-above-header-display":"","ast-hfb-below-header-display":"","ast-hfb-mobile-header-display":"","site-post-title":"","ast-breadcrumbs-content":"","ast-featured-img":"","footer-sml-layout":"","theme-transparent-header-meta":"","adv-header-id-meta":"","stick-header-meta":"","header-above-stick-meta":"","header-main-stick-meta":"","header-below-stick-meta":"","astra-migrate-meta-layouts":"default","ast-page-background-enabled":"default","ast-page-background-meta":{"desktop":{"background-color":"var(--ast-global-color-4)","background-image":"","background-repeat":"repeat","background-position":"center center","background-size":"auto","background-attachment":"scroll","background-type":"","background-media":"","overlay-type":"","overlay-color":"","overlay-opacity":"","overlay-gradient":""},"tablet":{"background-color":"","background-image":"","background-repeat":"repeat","background-position":"center center","background-size":"auto","background-attachment":"scroll","background-type":"","background-media":"","overlay-type":"","overlay-color":"","overlay-opacity":"","overlay-gradient":""},"mobile":{"background-color":"","background-image":"","background-repeat":"repeat","background-position":"center center","background-size":"auto","background-attachment":"scroll","background-type":"","background-media":"","overlay-type":"","overlay-color":"","overlay-opacity":"","overlay-gradient":""}},"ast-content-background-meta":{"desktop":{"background-color":"var(--ast-global-color-5)","background-image":"","background-repeat":"repeat","background-position":"center center","background-size":"auto","background-attachment":"scroll","background-type":"","background-media":"","overlay-type":"","overlay-color":"","overlay-opacity":"","overlay-gradient":""},"tablet":{"background-color":"var(--ast-global-color-5)","background-image":"","background-repeat":"repeat","background-position":"center center","background-size":"auto","background-attachment":"scroll","background-type":"","background-media":"","overlay-type":"","overlay-color":"","overlay-opacity":"","overlay-gradient":""},"mobile":{"background-color":"var(--ast-global-color-5)","background-image":"","background-repeat":"repeat","background-position":"center center","background-size":"auto","background-attachment":"scroll","background-type":"","background-media":"","overlay-type":"","overlay-color":"","overlay-opacity":"","overlay-gradient":""}},"_jetpack_memberships_contains_paid_content":false,"footnotes":""},"categories":[2],"tags":[],"class_list":["post-2174","post","type-post","status-publish","format-standard","has-post-thumbnail","hentry","category-noticias"],"author_meta":{"display_name":"adm_casa","author_link":"https:\/\/poloniabrasil.org.br\/site\/author\/adm_casa\/"},"featured_img":"https:\/\/poloniabrasil.org.br\/site\/wp-content\/uploads\/2020\/09\/SpeakDating_2_T-1-300x168.png","jetpack_featured_media_url":"https:\/\/poloniabrasil.org.br\/site\/wp-content\/uploads\/2020\/09\/SpeakDating_2_T-1.png","coauthors":[],"tax_additional":{"categories":{"linked":["<a href=\"https:\/\/poloniabrasil.org.br\/site\/category\/noticias\/\" class=\"advgb-post-tax-term\">Not\u00edcias<\/a>"],"unlinked":["<span class=\"advgb-post-tax-term\">Not\u00edcias<\/span>"]}},"comment_count":"0","relative_dates":{"created":"Publicado 6 anos atr\u00e1s","modified":"Atualizado 6 anos atr\u00e1s"},"absolute_dates":{"created":"Publicado em 23 de setembro de 2020","modified":"Atualizado em 23 de setembro de 2020"},"absolute_dates_time":{"created":"Publicado em 23 de setembro de 2020 18:59","modified":"Atualizado em 23 de setembro de 2020 18:59"},"featured_img_caption":"","series_order":"","jetpack_sharing_enabled":true,"_links":{"self":[{"href":"https:\/\/poloniabrasil.org.br\/site\/wp-json\/wp\/v2\/posts\/2174","targetHints":{"allow":["GET"]}}],"collection":[{"href":"https:\/\/poloniabrasil.org.br\/site\/wp-json\/wp\/v2\/posts"}],"about":[{"href":"https:\/\/poloniabrasil.org.br\/site\/wp-json\/wp\/v2\/types\/post"}],"author":[{"embeddable":true,"href":"https:\/\/poloniabrasil.org.br\/site\/wp-json\/wp\/v2\/users\/1"}],"replies":[{"embeddable":true,"href":"https:\/\/poloniabrasil.org.br\/site\/wp-json\/wp\/v2\/comments?post=2174"}],"version-history":[{"count":0,"href":"https:\/\/poloniabrasil.org.br\/site\/wp-json\/wp\/v2\/posts\/2174\/revisions"}],"wp:featuredmedia":[{"embeddable":true,"href":"https:\/\/poloniabrasil.org.br\/site\/wp-json\/wp\/v2\/media\/2175"}],"wp:attachment":[{"href":"https:\/\/poloniabrasil.org.br\/site\/wp-json\/wp\/v2\/media?parent=2174"}],"wp:term":[{"taxonomy":"category","embeddable":true,"href":"https:\/\/poloniabrasil.org.br\/site\/wp-json\/wp\/v2\/categories?post=2174"},{"taxonomy":"post_tag","embeddable":true,"href":"https:\/\/poloniabrasil.org.br\/site\/wp-json\/wp\/v2\/tags?post=2174"}],"curies":[{"name":"wp","href":"https:\/\/api.w.org\/{rel}","templated":true}]}}