{"id":2093,"date":"2020-06-05T20:00:49","date_gmt":"2020-06-05T20:00:49","guid":{"rendered":"http:\/\/poloniabrasil.org.br\/?p=2093"},"modified":"2020-06-05T20:00:49","modified_gmt":"2020-06-05T20:00:49","slug":"boletim-tak-decimo-quinto-numero-foi-publicado-pela-casa-da-cultura-polonia-brasil-3","status":"publish","type":"post","link":"https:\/\/poloniabrasil.org.br\/site\/2020\/06\/05\/boletim-tak-decimo-quinto-numero-foi-publicado-pela-casa-da-cultura-polonia-brasil-3\/","title":{"rendered":"Boletim TAK! &#8211; D\u00e9cimo quinto n\u00famero foi publicado pela Casa da Cultura Pol\u00f4nia Brasil &#8211; 15 Numer Biuletynu TAK ! zosta\u0142 wydany przez Dom Kultury Polska Brazylia"},"content":{"rendered":"<p><!--:pt--><\/p>\n<p align=\"justify\"><span style=\"color: #000000;\"><span style=\"font-family: Verdana, sans-serif;\"><span style=\"font-size: medium;\">Baixe aqui o seu exemplar TAK! :\u00a0<\/span><\/span><\/span><a href=\"http:\/\/poloniabrasil.org.br\/wp-content\/uploads\/2020\/06\/Boletim_TAK_N\u00famero15_Maio_Junho_2020.pdf\">Boletim_TAK!_N\u00famero15_Maio_Junho_2020<\/a><\/p>\n<p align=\"justify\"><span style=\"color: #000000;\"><span style=\"font-family: Verdana, sans-serif;\"><span style=\"font-size: medium;\">Chegamos ao n\u00famero 15 do Boletim TAK! Gra\u00e7as ao esfor\u00e7o da nossa pequena equipe e ao apoio extremamente importante do Consulado Geral da Pol\u00f4nia em Curitiba e da Casa da Cultura Pol\u00f4nia Brasil, do qual o boletim \u00e9 integrante. Nesta edi\u00e7\u00e3o, a partir da capa, com uma imagem hist\u00f3rica se homenageia o anivers\u00e1rio de 130 anos da Sociedade Tadeusz Ko\u015bciuszko agora em junho, que n\u00e3o ser\u00e1 comemorado oficialmente, como nos anos anteriores. Destacamos a beleza que existe nessa fotografia datada de 03 de maio de 1899, com as marcas deixadas pela passagem do tempo.<\/span><\/span><\/span><\/p>\n<p align=\"justify\"><span style=\"color: #000000;\"><span style=\"font-family: Verdana, sans-serif;\"><span style=\"font-size: medium;\">Agradecemos profundamente o empenho e esfor\u00e7o especialmente neste n\u00famero de Axel Giller e Bruna Brescancini pela excel\u00eancia na diagrama\u00e7\u00e3o, Everly Giller correspondente internacional em Vars\u00f3via, que embora distante, \u00e9 uma colaboradora mais do que presente em todos os momentos. Prof. Mariano Kawka pela revis\u00e3o precisa dos textos e Julio Buczek Ponciano pela <\/span><\/span><span style=\"font-family: Verdana, sans-serif;\"><span style=\"font-size: medium;\">assist\u00eancia na Reda\u00e7\u00e3o.<\/span><\/span><span style=\"font-family: Verdana, sans-serif;\"><span style=\"font-size: medium;\"> Agradecimentos tamb\u00e9m \u00e0 profa. Paula Celli pela sua gentileza <\/span><\/span><span style=\"font-family: Verdana, sans-serif;\"><span style=\"font-size: medium;\">e presteza na assessoria t\u00e9cnica.<\/span><\/span><\/span><\/p>\n<p align=\"justify\"><span style=\"color: #000000;\"><span style=\"font-family: Verdana, sans-serif;\"><span style=\"font-size: medium;\">No artigo da professora Anna Kalewska da Universidade de Vars\u00f3via, h\u00e1 uma revis\u00e3o sobre a culin\u00e1ria polonesa, destacando a import\u00e2ncia hist\u00f3rica e afetiva dos pratos culin\u00e1rios desenvolvidos pelos nossos ancestrais e que trazem sabor at\u00e9 os dias de hoje para descendentes e n\u00e3o descendentes, inclusive. Na se\u00e7\u00e3o Culin\u00e1ria Polonesa e Brasileira, o chef Mielec surpreende com uma geleia de p\u00e9talas de rosas!<\/span><\/span><\/span><\/p>\n<p align=\"justify\"><span style=\"color: #000000;\"><span style=\"font-family: Verdana, sans-serif;\"><span style=\"font-size: medium;\">O jornalista Guilherme Osinski fala de suas ra\u00edzes polonesas, e Camila Montes Celinski, arquiteta brasileira vivendo em Vars\u00f3via, nos brinda com uma vis\u00e3o da cidade de Zalipie, com muitas flores pintadas nas paredes externas e internas das casas pelos moradores. O TAK!, sem procurar alienar-se da realidade do momento em que vivemos, busca trazer os aspectos positivos e dignos de comemora\u00e7\u00e3o da vida, pois \u00e9 disso que estamos todos precisados: beleza, alegria e paz!<\/span><\/span><\/span><\/p>\n<p align=\"justify\"><span style=\"color: #000000;\"><span style=\"font-family: Verdana, sans-serif;\"><span style=\"font-size: medium;\">Zapraszamy!<\/span><\/span><\/span><\/p>\n<p align=\"left\"><span style=\"color: #000000;\"><span style=\"font-family: Verdana, sans-serif;\"><span style=\"font-size: medium;\">Izabel LIVISKI<br \/>\n(Diretora de Reda\u00e7\u00e3o)<\/span><\/span><\/span><\/p>\n<p><!--:--><\/p>\n","protected":false},"excerpt":{"rendered":"<p>Baixe aqui o seu exemplar TAK! :\u00a0Boletim_TAK!_N\u00famero15_Maio_Junho_2020 Chegamos ao n\u00famero 15 do Boletim TAK! Gra\u00e7as ao esfor\u00e7o da nossa pequena equipe e ao apoio extremamente importante do Consulado Geral da Pol\u00f4nia em Curitiba e da Casa da Cultura Pol\u00f4nia Brasil, do qual o boletim \u00e9 integrante. Nesta edi\u00e7\u00e3o, a partir da capa, com uma imagem [&hellip;]<\/p>\n","protected":false},"author":1,"featured_media":2097,"comment_status":"closed","ping_status":"closed","sticky":false,"template":"","format":"standard","meta":{"advgb_blocks_editor_width":"","advgb_blocks_columns_visual_guide":"","site-sidebar-layout":"default","site-content-layout":"","ast-site-content-layout":"","site-content-style":"default","site-sidebar-style":"default","ast-global-header-display":"","ast-banner-title-visibility":"","ast-main-header-display":"","ast-hfb-above-header-display":"","ast-hfb-below-header-display":"","ast-hfb-mobile-header-display":"","site-post-title":"","ast-breadcrumbs-content":"","ast-featured-img":"","footer-sml-layout":"","theme-transparent-header-meta":"","adv-header-id-meta":"","stick-header-meta":"","header-above-stick-meta":"","header-main-stick-meta":"","header-below-stick-meta":"","astra-migrate-meta-layouts":"default","ast-page-background-enabled":"default","ast-page-background-meta":{"desktop":{"background-color":"var(--ast-global-color-4)","background-image":"","background-repeat":"repeat","background-position":"center center","background-size":"auto","background-attachment":"scroll","background-type":"","background-media":"","overlay-type":"","overlay-color":"","overlay-opacity":"","overlay-gradient":""},"tablet":{"background-color":"","background-image":"","background-repeat":"repeat","background-position":"center center","background-size":"auto","background-attachment":"scroll","background-type":"","background-media":"","overlay-type":"","overlay-color":"","overlay-opacity":"","overlay-gradient":""},"mobile":{"background-color":"","background-image":"","background-repeat":"repeat","background-position":"center center","background-size":"auto","background-attachment":"scroll","background-type":"","background-media":"","overlay-type":"","overlay-color":"","overlay-opacity":"","overlay-gradient":""}},"ast-content-background-meta":{"desktop":{"background-color":"var(--ast-global-color-5)","background-image":"","background-repeat":"repeat","background-position":"center center","background-size":"auto","background-attachment":"scroll","background-type":"","background-media":"","overlay-type":"","overlay-color":"","overlay-opacity":"","overlay-gradient":""},"tablet":{"background-color":"var(--ast-global-color-5)","background-image":"","background-repeat":"repeat","background-position":"center center","background-size":"auto","background-attachment":"scroll","background-type":"","background-media":"","overlay-type":"","overlay-color":"","overlay-opacity":"","overlay-gradient":""},"mobile":{"background-color":"var(--ast-global-color-5)","background-image":"","background-repeat":"repeat","background-position":"center center","background-size":"auto","background-attachment":"scroll","background-type":"","background-media":"","overlay-type":"","overlay-color":"","overlay-opacity":"","overlay-gradient":""}},"_jetpack_memberships_contains_paid_content":false,"footnotes":""},"categories":[271,6],"tags":[297,298],"class_list":["post-2093","post","type-post","status-publish","format-standard","has-post-thumbnail","hentry","category-tak","category-destaque","tag-boletim-tak-numero-15","tag-maio-e-junho-2020"],"author_meta":{"display_name":"adm_casa","author_link":"https:\/\/poloniabrasil.org.br\/site\/author\/adm_casa\/"},"featured_img":"https:\/\/poloniabrasil.org.br\/site\/wp-content\/uploads\/2020\/06\/CAPA_TAK_numero15-1-212x300.jpg","jetpack_featured_media_url":"https:\/\/poloniabrasil.org.br\/site\/wp-content\/uploads\/2020\/06\/CAPA_TAK_numero15-1-scaled.jpg","coauthors":[],"tax_additional":{"categories":{"linked":["<a href=\"https:\/\/poloniabrasil.org.br\/site\/category\/tak\/\" class=\"advgb-post-tax-term\">Boletim Tak!<\/a>","<a href=\"https:\/\/poloniabrasil.org.br\/site\/category\/destaque\/\" class=\"advgb-post-tax-term\">Destaque<\/a>"],"unlinked":["<span class=\"advgb-post-tax-term\">Boletim Tak!<\/span>","<span class=\"advgb-post-tax-term\">Destaque<\/span>"]},"tags":{"linked":["<a href=\"https:\/\/poloniabrasil.org.br\/site\/category\/destaque\/\" class=\"advgb-post-tax-term\">Boletim TAK! n\u00famero 15<\/a>","<a href=\"https:\/\/poloniabrasil.org.br\/site\/category\/destaque\/\" class=\"advgb-post-tax-term\">Maio e Junho 2020<\/a>"],"unlinked":["<span class=\"advgb-post-tax-term\">Boletim TAK! n\u00famero 15<\/span>","<span class=\"advgb-post-tax-term\">Maio e Junho 2020<\/span>"]}},"comment_count":"0","relative_dates":{"created":"Publicado 6 anos atr\u00e1s","modified":"Atualizado 6 anos atr\u00e1s"},"absolute_dates":{"created":"Publicado em 5 de junho de 2020","modified":"Atualizado em 5 de junho de 2020"},"absolute_dates_time":{"created":"Publicado em 5 de junho de 2020 20:00","modified":"Atualizado em 5 de junho de 2020 20:00"},"featured_img_caption":"","series_order":"","jetpack_sharing_enabled":true,"_links":{"self":[{"href":"https:\/\/poloniabrasil.org.br\/site\/wp-json\/wp\/v2\/posts\/2093","targetHints":{"allow":["GET"]}}],"collection":[{"href":"https:\/\/poloniabrasil.org.br\/site\/wp-json\/wp\/v2\/posts"}],"about":[{"href":"https:\/\/poloniabrasil.org.br\/site\/wp-json\/wp\/v2\/types\/post"}],"author":[{"embeddable":true,"href":"https:\/\/poloniabrasil.org.br\/site\/wp-json\/wp\/v2\/users\/1"}],"replies":[{"embeddable":true,"href":"https:\/\/poloniabrasil.org.br\/site\/wp-json\/wp\/v2\/comments?post=2093"}],"version-history":[{"count":0,"href":"https:\/\/poloniabrasil.org.br\/site\/wp-json\/wp\/v2\/posts\/2093\/revisions"}],"wp:featuredmedia":[{"embeddable":true,"href":"https:\/\/poloniabrasil.org.br\/site\/wp-json\/wp\/v2\/media\/2097"}],"wp:attachment":[{"href":"https:\/\/poloniabrasil.org.br\/site\/wp-json\/wp\/v2\/media?parent=2093"}],"wp:term":[{"taxonomy":"category","embeddable":true,"href":"https:\/\/poloniabrasil.org.br\/site\/wp-json\/wp\/v2\/categories?post=2093"},{"taxonomy":"post_tag","embeddable":true,"href":"https:\/\/poloniabrasil.org.br\/site\/wp-json\/wp\/v2\/tags?post=2093"}],"curies":[{"name":"wp","href":"https:\/\/api.w.org\/{rel}","templated":true}]}}