{"id":1992,"date":"2019-10-08T17:33:22","date_gmt":"2019-10-08T17:33:22","guid":{"rendered":"http:\/\/poloniabrasil.org.br\/?p=1992"},"modified":"2022-07-01T10:21:15","modified_gmt":"2022-07-01T13:21:15","slug":"boletim-tak-decimo-segundo-numero-foi-publicado-pela-casa-da-cultura-polonia-brasil","status":"publish","type":"post","link":"https:\/\/poloniabrasil.org.br\/site\/2019\/10\/08\/boletim-tak-decimo-segundo-numero-foi-publicado-pela-casa-da-cultura-polonia-brasil\/","title":{"rendered":"Boletim TAK!: d\u00e9cimo segundo n\u00famero foi publicado pela Casa da Cultura Pol\u00f4nia Brasil."},"content":{"rendered":"<p><!--:pt--><\/p>\n<p style=\"text-align: justify;\">Esta edi\u00e7\u00e3o do Boletim TAK! \u00e9 dedicada \u00e0s comemora\u00e7\u00f5es dos 150 anos da imigra\u00e7\u00e3o polonesa no Brasil. E nem poderia ser diferente, o m\u00eas de agosto foi marcado por muitas festas, lan\u00e7amento de livros, inaugura\u00e7\u00f5es, mostras fotogr\u00e1ficas e v\u00e1rios eventos homenageando a data que tem imenso significado para os pol\u00f4nicos, descendentes dessas primeiras fam\u00edlias que com muita coragem, garra e persist\u00eancia desbravaram as terras brasileiras em busca de uma segunda p\u00e1tria. Nossa capa reproduz a imagem criada para esta ocasi\u00e3o, um selo alusivo aos 150 anos da Imigra\u00e7\u00e3o Polonesa no Brasil, iniciativa da Funda\u00e7\u00e3o Jos\u00e9 Walendowsky, em Brusque Santa Catarina, elaborado a partir de proposta do Clube Filat\u00e9lico Brusquense, com o objetivo de preservar a mem\u00f3ria da imigra\u00e7\u00e3o polonesa. O selo, criado especialmente para as comemora\u00e7\u00f5es do sesquicenten\u00e1rio, homenageia os colonizadores atrav\u00e9s dos elementos da dan\u00e7a e das cores. Nele constam a data do in\u00edcio da coloniza\u00e7\u00e3o, bem como as bandeiras do Brasil e da Pol\u00f4nia. As cores representam as vestimentas da dan\u00e7a Krakowiak, com suas rendas e cores marcantes. &#8220;A Krakowiak \u00e9 uma dan\u00e7a nacional de origem popular, conhecida em sua forma atual desde o s\u00e9culo XV. Tomou o nome da cidade de Krakowia,antiga capital real da Pol\u00f4nia&#8221;. Para essa ocasi\u00e3o, foram emitidos 1.200 selos, e seu lan\u00e7amento ocorreu no dia 25 de agosto de 2019.O Boletim TAK! e a Casa da Cultura Pol\u00f4nia Brasil estiveram presentes aos eventos comemorativos e agradecemos pela acolhida naquela simp\u00e1tica cidade. Desejamos a todos, mais uma vez, boa leitura!<\/p>\n<p>Zapraszamy!<br \/>\nIzabel LIVISKI<br \/>\nDiretora de Reda\u00e7\u00e3o.<\/p>\n<p><a href=\"http:\/\/poloniabrasil.org.br\/wp-content\/uploads\/2019\/10\/tak.png\"><br \/>\n<\/a><a href=\"http:\/\/poloniabrasil.org.br\/wp-content\/uploads\/2019\/10\/tak1.png\"><img loading=\"lazy\" decoding=\"async\" class=\"aligncenter size-medium wp-image-1994\" src=\"http:\/\/poloniabrasil.org.br\/wp-content\/uploads\/2019\/10\/tak1-213x300.png\" alt=\"tak\" width=\"213\" height=\"300\"><\/a><\/p>\n<p style=\"text-align: center;\"><strong><a href=\"http:\/\/poloniabrasil.org.br\/wp-content\/uploads\/2019\/10\/af_boletim_TAK_numero12_mioloColorido_08_Red.pdf\">Baixe aqui seu exemplar TAK!<\/a><\/strong><\/p>\n<p style=\"text-align: center;\"><strong>Servi\u00e7o:<\/strong><\/p>\n<p><strong>Boletim TAK! \u2013 Agenda Cultural Pol\u00f4nia Brasil<\/strong><\/p>\n<p>Realiza\u00e7\u00e3o: Casa da Cultura Pol\u00f4nia Brasil<\/p>\n<p>Endere\u00e7o: Rua \u00c9bano Pereira, n\u00ba 502 \u2013 Curitiba \u2013 PR<\/p>\n<p>Telefone: 55 41&nbsp;3149-4445<\/p>\n<p>takpoloniabrasil@gmail.com<\/p>\n<p style=\"text-align: center;\">\n<p><!--:--><\/p>\n","protected":false},"excerpt":{"rendered":"<p>Esta edi\u00e7\u00e3o do Boletim TAK! \u00e9 dedicada \u00e0s comemora\u00e7\u00f5es dos 150 anos da imigra\u00e7\u00e3o polonesa no Brasil. E nem poderia ser diferente, o m\u00eas de agosto foi marcado por muitas festas, lan\u00e7amento de livros, inaugura\u00e7\u00f5es, mostras fotogr\u00e1ficas e v\u00e1rios eventos homenageando a data que tem imenso significado para os pol\u00f4nicos, descendentes dessas primeiras fam\u00edlias que [&hellip;]<\/p>\n","protected":false},"author":1,"featured_media":3037,"comment_status":"closed","ping_status":"closed","sticky":false,"template":"","format":"standard","meta":{"advgb_blocks_editor_width":"","advgb_blocks_columns_visual_guide":"","site-sidebar-layout":"default","site-content-layout":"","ast-site-content-layout":"","site-content-style":"default","site-sidebar-style":"default","ast-global-header-display":"","ast-banner-title-visibility":"","ast-main-header-display":"","ast-hfb-above-header-display":"","ast-hfb-below-header-display":"","ast-hfb-mobile-header-display":"","site-post-title":"","ast-breadcrumbs-content":"","ast-featured-img":"","footer-sml-layout":"","theme-transparent-header-meta":"","adv-header-id-meta":"","stick-header-meta":"","header-above-stick-meta":"","header-main-stick-meta":"","header-below-stick-meta":"","astra-migrate-meta-layouts":"default","ast-page-background-enabled":"default","ast-page-background-meta":{"desktop":{"background-color":"var(--ast-global-color-4)","background-image":"","background-repeat":"repeat","background-position":"center center","background-size":"auto","background-attachment":"scroll","background-type":"","background-media":"","overlay-type":"","overlay-color":"","overlay-opacity":"","overlay-gradient":""},"tablet":{"background-color":"","background-image":"","background-repeat":"repeat","background-position":"center center","background-size":"auto","background-attachment":"scroll","background-type":"","background-media":"","overlay-type":"","overlay-color":"","overlay-opacity":"","overlay-gradient":""},"mobile":{"background-color":"","background-image":"","background-repeat":"repeat","background-position":"center center","background-size":"auto","background-attachment":"scroll","background-type":"","background-media":"","overlay-type":"","overlay-color":"","overlay-opacity":"","overlay-gradient":""}},"ast-content-background-meta":{"desktop":{"background-color":"var(--ast-global-color-5)","background-image":"","background-repeat":"repeat","background-position":"center center","background-size":"auto","background-attachment":"scroll","background-type":"","background-media":"","overlay-type":"","overlay-color":"","overlay-opacity":"","overlay-gradient":""},"tablet":{"background-color":"var(--ast-global-color-5)","background-image":"","background-repeat":"repeat","background-position":"center center","background-size":"auto","background-attachment":"scroll","background-type":"","background-media":"","overlay-type":"","overlay-color":"","overlay-opacity":"","overlay-gradient":""},"mobile":{"background-color":"var(--ast-global-color-5)","background-image":"","background-repeat":"repeat","background-position":"center center","background-size":"auto","background-attachment":"scroll","background-type":"","background-media":"","overlay-type":"","overlay-color":"","overlay-opacity":"","overlay-gradient":""}},"_jetpack_memberships_contains_paid_content":false,"footnotes":""},"categories":[271,2],"tags":[],"class_list":["post-1992","post","type-post","status-publish","format-standard","has-post-thumbnail","hentry","category-tak","category-noticias"],"author_meta":{"display_name":"adm_casa","author_link":"https:\/\/poloniabrasil.org.br\/site\/author\/adm_casa\/"},"featured_img":"https:\/\/poloniabrasil.org.br\/site\/wp-content\/uploads\/2019\/10\/tak1-213x300-1.png","jetpack_featured_media_url":"https:\/\/poloniabrasil.org.br\/site\/wp-content\/uploads\/2019\/10\/tak1-213x300-1.png","coauthors":[],"tax_additional":{"categories":{"linked":["<a href=\"https:\/\/poloniabrasil.org.br\/site\/category\/tak\/\" class=\"advgb-post-tax-term\">Boletim Tak!<\/a>","<a href=\"https:\/\/poloniabrasil.org.br\/site\/category\/noticias\/\" class=\"advgb-post-tax-term\">Not\u00edcias<\/a>"],"unlinked":["<span class=\"advgb-post-tax-term\">Boletim Tak!<\/span>","<span class=\"advgb-post-tax-term\">Not\u00edcias<\/span>"]}},"comment_count":"0","relative_dates":{"created":"Publicado 7 anos atr\u00e1s","modified":"Atualizado 4 anos atr\u00e1s"},"absolute_dates":{"created":"Publicado em 8 de outubro de 2019","modified":"Atualizado em 1 de julho de 2022"},"absolute_dates_time":{"created":"Publicado em 8 de outubro de 2019 17:33","modified":"Atualizado em 1 de julho de 2022 10:21"},"featured_img_caption":"","series_order":"","jetpack_sharing_enabled":true,"_links":{"self":[{"href":"https:\/\/poloniabrasil.org.br\/site\/wp-json\/wp\/v2\/posts\/1992","targetHints":{"allow":["GET"]}}],"collection":[{"href":"https:\/\/poloniabrasil.org.br\/site\/wp-json\/wp\/v2\/posts"}],"about":[{"href":"https:\/\/poloniabrasil.org.br\/site\/wp-json\/wp\/v2\/types\/post"}],"author":[{"embeddable":true,"href":"https:\/\/poloniabrasil.org.br\/site\/wp-json\/wp\/v2\/users\/1"}],"replies":[{"embeddable":true,"href":"https:\/\/poloniabrasil.org.br\/site\/wp-json\/wp\/v2\/comments?post=1992"}],"version-history":[{"count":1,"href":"https:\/\/poloniabrasil.org.br\/site\/wp-json\/wp\/v2\/posts\/1992\/revisions"}],"predecessor-version":[{"id":3039,"href":"https:\/\/poloniabrasil.org.br\/site\/wp-json\/wp\/v2\/posts\/1992\/revisions\/3039"}],"wp:featuredmedia":[{"embeddable":true,"href":"https:\/\/poloniabrasil.org.br\/site\/wp-json\/wp\/v2\/media\/3037"}],"wp:attachment":[{"href":"https:\/\/poloniabrasil.org.br\/site\/wp-json\/wp\/v2\/media?parent=1992"}],"wp:term":[{"taxonomy":"category","embeddable":true,"href":"https:\/\/poloniabrasil.org.br\/site\/wp-json\/wp\/v2\/categories?post=1992"},{"taxonomy":"post_tag","embeddable":true,"href":"https:\/\/poloniabrasil.org.br\/site\/wp-json\/wp\/v2\/tags?post=1992"}],"curies":[{"name":"wp","href":"https:\/\/api.w.org\/{rel}","templated":true}]}}