{"id":1962,"date":"2019-08-07T17:00:12","date_gmt":"2019-08-07T17:00:12","guid":{"rendered":"http:\/\/poloniabrasil.org.br\/?p=1962"},"modified":"2019-08-07T17:00:12","modified_gmt":"2019-08-07T17:00:12","slug":"segundo-semestre-2019-do-idioma-polones-uczmy-sie-razem","status":"publish","type":"post","link":"https:\/\/poloniabrasil.org.br\/site\/2019\/08\/07\/segundo-semestre-2019-do-idioma-polones-uczmy-sie-razem\/","title":{"rendered":"SEGUNDO SEMESTRE 2019 DO IDIOMA POLON\u00caS \u201cUCZMY SI\u0118 RAZEM\u201d"},"content":{"rendered":"<p><!--:pt--><a href=\"http:\/\/poloniabrasil.org.br\/wp-content\/uploads\/2019\/07\/Divulg-Ad-e-Inf-2\u00ba-semestre-2019-06-19-at-11.49.58-2.jpg\"><img loading=\"lazy\" decoding=\"async\" class=\"aligncenter size-medium wp-image-1963\" src=\"http:\/\/poloniabrasil.org.br\/wp-content\/uploads\/2019\/07\/Divulg-Ad-e-Inf-2\u00ba-semestre-2019-06-19-at-11.49.58-2-223x300.jpg\" alt=\"Divulg Ad e Inf 2\u00ba semestre 2019-06-19 at 11.49.58 (2)\" width=\"223\" height=\"300\" \/><\/a><\/p>\n<p>&nbsp;<\/p>\n<p>SEGUNDO SEMESTRE 2019 DO IDIOMA POLON\u00caS \u201cUCZMY SI\u0118 RAZEM\u201d<\/p>\n<p>&nbsp;<\/p>\n<p>O curso semestral do idioma polon\u00eas da\u00a0<strong>Casa da Cultura Pol\u00f4nia Brasil<\/strong>, est\u00e1 com inscri\u00e7\u00f5es abertas para <strong>Curitiba <\/strong>(ADULTO e INFANTIL)<strong> e S\u00e3o Jos\u00e9 dos Pinhais (Col\u00f4nia Mergulh\u00e3o). <\/strong>A institui\u00e7\u00e3o com sede em Curitiba foi fundada em 2012 e desde ent\u00e3o oferece atividades culturais e curso de idioma nas modalidades curso de f\u00e9rias e semestral.<\/p>\n<p>&nbsp;<\/p>\n<p>Informa\u00e7\u00f5es e reserva de vaga atrav\u00e9s do e-mail\u00a0<a href=\"mailto:idioma@poloniabrasil.org.br\">idioma@poloniabrasil.org.br<\/a>\u00a0ou<\/p>\n<p><em>whatsapp<\/em><em>\u00a0(41) 99837-2801 ou (41) 99252-1244.<\/em><!--:--><\/p>\n","protected":false},"excerpt":{"rendered":"<p>&nbsp; SEGUNDO SEMESTRE 2019 DO IDIOMA POLON\u00caS \u201cUCZMY SI\u0118 RAZEM\u201d &nbsp; O curso semestral do idioma polon\u00eas da\u00a0Casa da Cultura Pol\u00f4nia Brasil, est\u00e1 com inscri\u00e7\u00f5es abertas para Curitiba (ADULTO e INFANTIL) e S\u00e3o Jos\u00e9 dos Pinhais (Col\u00f4nia Mergulh\u00e3o). A institui\u00e7\u00e3o com sede em Curitiba foi fundada em 2012 e desde ent\u00e3o oferece atividades culturais e [&hellip;]<\/p>\n","protected":false},"author":1,"featured_media":1967,"comment_status":"closed","ping_status":"closed","sticky":false,"template":"","format":"standard","meta":{"advgb_blocks_editor_width":"","advgb_blocks_columns_visual_guide":"","site-sidebar-layout":"default","site-content-layout":"","ast-site-content-layout":"","site-content-style":"default","site-sidebar-style":"default","ast-global-header-display":"","ast-banner-title-visibility":"","ast-main-header-display":"","ast-hfb-above-header-display":"","ast-hfb-below-header-display":"","ast-hfb-mobile-header-display":"","site-post-title":"","ast-breadcrumbs-content":"","ast-featured-img":"","footer-sml-layout":"","theme-transparent-header-meta":"","adv-header-id-meta":"","stick-header-meta":"","header-above-stick-meta":"","header-main-stick-meta":"","header-below-stick-meta":"","astra-migrate-meta-layouts":"default","ast-page-background-enabled":"default","ast-page-background-meta":{"desktop":{"background-color":"var(--ast-global-color-4)","background-image":"","background-repeat":"repeat","background-position":"center center","background-size":"auto","background-attachment":"scroll","background-type":"","background-media":"","overlay-type":"","overlay-color":"","overlay-opacity":"","overlay-gradient":""},"tablet":{"background-color":"","background-image":"","background-repeat":"repeat","background-position":"center center","background-size":"auto","background-attachment":"scroll","background-type":"","background-media":"","overlay-type":"","overlay-color":"","overlay-opacity":"","overlay-gradient":""},"mobile":{"background-color":"","background-image":"","background-repeat":"repeat","background-position":"center center","background-size":"auto","background-attachment":"scroll","background-type":"","background-media":"","overlay-type":"","overlay-color":"","overlay-opacity":"","overlay-gradient":""}},"ast-content-background-meta":{"desktop":{"background-color":"var(--ast-global-color-5)","background-image":"","background-repeat":"repeat","background-position":"center center","background-size":"auto","background-attachment":"scroll","background-type":"","background-media":"","overlay-type":"","overlay-color":"","overlay-opacity":"","overlay-gradient":""},"tablet":{"background-color":"var(--ast-global-color-5)","background-image":"","background-repeat":"repeat","background-position":"center center","background-size":"auto","background-attachment":"scroll","background-type":"","background-media":"","overlay-type":"","overlay-color":"","overlay-opacity":"","overlay-gradient":""},"mobile":{"background-color":"var(--ast-global-color-5)","background-image":"","background-repeat":"repeat","background-position":"center center","background-size":"auto","background-attachment":"scroll","background-type":"","background-media":"","overlay-type":"","overlay-color":"","overlay-opacity":"","overlay-gradient":""}},"_jetpack_memberships_contains_paid_content":false,"footnotes":""},"categories":[2],"tags":[],"class_list":["post-1962","post","type-post","status-publish","format-standard","has-post-thumbnail","hentry","category-noticias"],"author_meta":{"display_name":"adm_casa","author_link":"https:\/\/poloniabrasil.org.br\/site\/author\/adm_casa\/"},"featured_img":"https:\/\/poloniabrasil.org.br\/site\/wp-content\/uploads\/2019\/07\/Divulg-Ad-e-Inf-2o-semestre-2019-06-19-at-11.49.58-21-e1563837500668-300x200.jpg","jetpack_featured_media_url":"https:\/\/poloniabrasil.org.br\/site\/wp-content\/uploads\/2019\/07\/Divulg-Ad-e-Inf-2o-semestre-2019-06-19-at-11.49.58-21-e1563837500668.jpg","coauthors":[],"tax_additional":{"categories":{"linked":["<a href=\"https:\/\/poloniabrasil.org.br\/site\/category\/noticias\/\" class=\"advgb-post-tax-term\">Not\u00edcias<\/a>"],"unlinked":["<span class=\"advgb-post-tax-term\">Not\u00edcias<\/span>"]}},"comment_count":"0","relative_dates":{"created":"Publicado 7 anos atr\u00e1s","modified":"Atualizado 7 anos atr\u00e1s"},"absolute_dates":{"created":"Publicado em 7 de agosto de 2019","modified":"Atualizado em 7 de agosto de 2019"},"absolute_dates_time":{"created":"Publicado em 7 de agosto de 2019 17:00","modified":"Atualizado em 7 de agosto de 2019 17:00"},"featured_img_caption":"","series_order":"","jetpack_sharing_enabled":true,"_links":{"self":[{"href":"https:\/\/poloniabrasil.org.br\/site\/wp-json\/wp\/v2\/posts\/1962","targetHints":{"allow":["GET"]}}],"collection":[{"href":"https:\/\/poloniabrasil.org.br\/site\/wp-json\/wp\/v2\/posts"}],"about":[{"href":"https:\/\/poloniabrasil.org.br\/site\/wp-json\/wp\/v2\/types\/post"}],"author":[{"embeddable":true,"href":"https:\/\/poloniabrasil.org.br\/site\/wp-json\/wp\/v2\/users\/1"}],"replies":[{"embeddable":true,"href":"https:\/\/poloniabrasil.org.br\/site\/wp-json\/wp\/v2\/comments?post=1962"}],"version-history":[{"count":0,"href":"https:\/\/poloniabrasil.org.br\/site\/wp-json\/wp\/v2\/posts\/1962\/revisions"}],"wp:featuredmedia":[{"embeddable":true,"href":"https:\/\/poloniabrasil.org.br\/site\/wp-json\/wp\/v2\/media\/1967"}],"wp:attachment":[{"href":"https:\/\/poloniabrasil.org.br\/site\/wp-json\/wp\/v2\/media?parent=1962"}],"wp:term":[{"taxonomy":"category","embeddable":true,"href":"https:\/\/poloniabrasil.org.br\/site\/wp-json\/wp\/v2\/categories?post=1962"},{"taxonomy":"post_tag","embeddable":true,"href":"https:\/\/poloniabrasil.org.br\/site\/wp-json\/wp\/v2\/tags?post=1962"}],"curies":[{"name":"wp","href":"https:\/\/api.w.org\/{rel}","templated":true}]}}