{"id":1944,"date":"2019-06-27T15:00:08","date_gmt":"2019-06-27T15:00:08","guid":{"rendered":"http:\/\/poloniabrasil.org.br\/?p=1944"},"modified":"2019-06-27T15:00:08","modified_gmt":"2019-06-27T15:00:08","slug":"primeiro-encontro-internacional-de-estudos-poloneses-10-anos-do-curso-de-letras-polones-experiencias-e-desafios","status":"publish","type":"post","link":"https:\/\/poloniabrasil.org.br\/site\/2019\/06\/27\/primeiro-encontro-internacional-de-estudos-poloneses-10-anos-do-curso-de-letras-polones-experiencias-e-desafios\/","title":{"rendered":"Primeiro Encontro Internacional de Estudos Poloneses: 10 anos do curso de Letras-Polon\u00eas, Experi\u00eancias e Desafios."},"content":{"rendered":"<p><!--:pt-->O Curso de Letras-Polon\u00eas e o Departamento de Polon\u00eas, Alem\u00e3o e Letras Cl\u00e1ssicas (DEPAC) da Universidade Federal do Paran\u00e1 (UFPR) t\u00eam a honra de anunciar a realiza\u00e7\u00e3o do Primeiro Encontro Internacional de Estudos Poloneses: 10 anos do curso de Letras-Polon\u00eas: Experi\u00eancias e Desafios. O evento acontecer\u00e1 na UFPR, campus Reitoria, em Curitiba-PR, no per\u00edodo de 30 de novembro a 4 de dezembro de 2019.<\/p>\n<p><a href=\"http:\/\/poloniabrasil.org.br\/wp-content\/uploads\/2019\/07\/image001.png\"><img loading=\"lazy\" decoding=\"async\" class=\"aligncenter size-medium wp-image-1945\" src=\"http:\/\/poloniabrasil.org.br\/wp-content\/uploads\/2019\/07\/image001-300x252.png\" alt=\"image001\" width=\"300\" height=\"252\" \/><\/a><\/p>\n<p>Em fun\u00e7\u00e3o disso, comunicamos que est\u00e3o abertas as inscri\u00e7\u00f5es para a oferta de Simp\u00f3sios Tem\u00e1ticos no evento, atrav\u00e9s do formul\u00e1rio dispon\u00edvel at\u00e9 22.07.2019 no endere\u00e7o:\u00a0<a href=\"https:\/\/www.polonesufpr10anos.com.br\/inscricao\" target=\"_blank\" rel=\"noreferrer noopener\" data-saferedirecturl=\"https:\/\/www.google.com\/url?q=https:\/\/www.polonesufpr10anos.com.br\/inscricao&amp;source=gmail&amp;ust=1563544672977000&amp;usg=AFQjCNEbfNax5qWLriMrA7U_amSDuSZZ2g\">https:\/\/www.polonesufpr10anos.<wbr \/>com.br\/inscricao<\/a>. A proposta poder\u00e1 ser feita por at\u00e9 2 coordenadores ou coordenadoras, preferencialmente de institui\u00e7\u00f5es diferentes, com titula\u00e7\u00e3o m\u00ednima de mestre.<\/p>\n<p>Estamos propondo os seguintes eixos tem\u00e1ticos:<\/p>\n<p>\u2022\u00a0 \u00a0 \u00a0 \u00a0L\u00edngua polonesa;<br \/>\n\u2022\u00a0 \u00a0 \u00a0 \u00a0L\u00edngua e identidade;<br \/>\n\u2022\u00a0 \u00a0 \u00a0 \u00a0Multilinguismo e l\u00ednguas minorit\u00e1rias no Brasil;<br \/>\n\u2022\u00a0 \u00a0 \u00a0 \u00a0Ensino e aprendizagem de l\u00ednguas minorit\u00e1rias;<br \/>\n\u2022\u00a0 \u00a0 \u00a0 \u00a0Interculturalidade e tecnologias de comunica\u00e7\u00e3o no ensino e aprendizagem de l\u00ednguas;<br \/>\n\u2022\u00a0 \u00a0 \u00a0 \u00a0L\u00edngua portuguesa das comunidades polono-brasileira e outras eslavo-brasileiras;<br \/>\n\u2022\u00a0 \u00a0 \u00a0 \u00a0L\u00edngua, m\u00eddia e redes sociais;<br \/>\n\u2022\u00a0 \u00a0 \u00a0 \u00a0Di\u00e1spora polonesa;<br \/>\n\u2022\u00a0 \u00a0 \u00a0 \u00a0Literatura polonesa;<br \/>\n\u2022\u00a0 \u00a0 \u00a0 \u00a0Literaturas eslavas no Brasil;<br \/>\n\u2022\u00a0 \u00a0 \u00a0 \u00a0Tradu\u00e7\u00e3o liter\u00e1ria;<br \/>\n\u2022\u00a0 \u00a0 \u00a0 \u00a0Cultura polonesa;<br \/>\n\u2022\u00a0 \u00a0 \u00a0 \u00a0Cultura pol\u00f4nica e de outras comunidades eslavo-brasileiras no Brasil.<\/p>\n<p>Maiores informa\u00e7\u00f5es e detalhes sobre o evento podem ser consultados na p\u00e1gina:\u00a0<a href=\"https:\/\/www.polonesufpr10anos.com.br\/\" target=\"_blank\" rel=\"noreferrer noopener\" data-saferedirecturl=\"https:\/\/www.google.com\/url?q=https:\/\/www.polonesufpr10anos.com.br\/&amp;source=gmail&amp;ust=1563544672977000&amp;usg=AFQjCNGN_t366hzAPCLeMOpUx4X8cRpleg\">https:\/\/www.polonesufpr10anos.<wbr \/>com.br\/<\/a>\u00a0ou por e-mail:\u00a0<a href=\"mailto:polones@ufpr.br\" target=\"_blank\" rel=\"noopener\">polones@ufpr.br<\/a>.<\/p>\n<p>Atenciosamente,<br \/>\nCoordenadora da Comiss\u00e3o Organizadora<br \/>\nDr. \u00aa Aleksandra Piasecka-Till<!--:--><\/p>\n","protected":false},"excerpt":{"rendered":"<p>O Curso de Letras-Polon\u00eas e o Departamento de Polon\u00eas, Alem\u00e3o e Letras Cl\u00e1ssicas (DEPAC) da Universidade Federal do Paran\u00e1 (UFPR) t\u00eam a honra de anunciar a realiza\u00e7\u00e3o do Primeiro Encontro Internacional de Estudos Poloneses: 10 anos do curso de Letras-Polon\u00eas: Experi\u00eancias e Desafios. O evento acontecer\u00e1 na UFPR, campus Reitoria, em Curitiba-PR, no per\u00edodo de [&hellip;]<\/p>\n","protected":false},"author":1,"featured_media":1945,"comment_status":"closed","ping_status":"closed","sticky":false,"template":"","format":"standard","meta":{"advgb_blocks_editor_width":"","advgb_blocks_columns_visual_guide":"","site-sidebar-layout":"default","site-content-layout":"","ast-site-content-layout":"","site-content-style":"default","site-sidebar-style":"default","ast-global-header-display":"","ast-banner-title-visibility":"","ast-main-header-display":"","ast-hfb-above-header-display":"","ast-hfb-below-header-display":"","ast-hfb-mobile-header-display":"","site-post-title":"","ast-breadcrumbs-content":"","ast-featured-img":"","footer-sml-layout":"","theme-transparent-header-meta":"","adv-header-id-meta":"","stick-header-meta":"","header-above-stick-meta":"","header-main-stick-meta":"","header-below-stick-meta":"","astra-migrate-meta-layouts":"default","ast-page-background-enabled":"default","ast-page-background-meta":{"desktop":{"background-color":"var(--ast-global-color-4)","background-image":"","background-repeat":"repeat","background-position":"center center","background-size":"auto","background-attachment":"scroll","background-type":"","background-media":"","overlay-type":"","overlay-color":"","overlay-opacity":"","overlay-gradient":""},"tablet":{"background-color":"","background-image":"","background-repeat":"repeat","background-position":"center center","background-size":"auto","background-attachment":"scroll","background-type":"","background-media":"","overlay-type":"","overlay-color":"","overlay-opacity":"","overlay-gradient":""},"mobile":{"background-color":"","background-image":"","background-repeat":"repeat","background-position":"center center","background-size":"auto","background-attachment":"scroll","background-type":"","background-media":"","overlay-type":"","overlay-color":"","overlay-opacity":"","overlay-gradient":""}},"ast-content-background-meta":{"desktop":{"background-color":"var(--ast-global-color-5)","background-image":"","background-repeat":"repeat","background-position":"center center","background-size":"auto","background-attachment":"scroll","background-type":"","background-media":"","overlay-type":"","overlay-color":"","overlay-opacity":"","overlay-gradient":""},"tablet":{"background-color":"var(--ast-global-color-5)","background-image":"","background-repeat":"repeat","background-position":"center center","background-size":"auto","background-attachment":"scroll","background-type":"","background-media":"","overlay-type":"","overlay-color":"","overlay-opacity":"","overlay-gradient":""},"mobile":{"background-color":"var(--ast-global-color-5)","background-image":"","background-repeat":"repeat","background-position":"center center","background-size":"auto","background-attachment":"scroll","background-type":"","background-media":"","overlay-type":"","overlay-color":"","overlay-opacity":"","overlay-gradient":""}},"_jetpack_memberships_contains_paid_content":false,"footnotes":""},"categories":[2],"tags":[],"class_list":["post-1944","post","type-post","status-publish","format-standard","has-post-thumbnail","hentry","category-noticias"],"author_meta":{"display_name":"adm_casa","author_link":"https:\/\/poloniabrasil.org.br\/site\/author\/adm_casa\/"},"featured_img":"https:\/\/poloniabrasil.org.br\/site\/wp-content\/uploads\/2019\/07\/image001-1-300x252.png","jetpack_featured_media_url":"https:\/\/poloniabrasil.org.br\/site\/wp-content\/uploads\/2019\/07\/image001-1.png","coauthors":[],"tax_additional":{"categories":{"linked":["<a href=\"https:\/\/poloniabrasil.org.br\/site\/category\/noticias\/\" class=\"advgb-post-tax-term\">Not\u00edcias<\/a>"],"unlinked":["<span class=\"advgb-post-tax-term\">Not\u00edcias<\/span>"]}},"comment_count":"0","relative_dates":{"created":"Publicado 7 anos atr\u00e1s","modified":"Atualizado 7 anos atr\u00e1s"},"absolute_dates":{"created":"Publicado em 27 de junho de 2019","modified":"Atualizado em 27 de junho de 2019"},"absolute_dates_time":{"created":"Publicado em 27 de junho de 2019 15:00","modified":"Atualizado em 27 de junho de 2019 15:00"},"featured_img_caption":"","series_order":"","jetpack_sharing_enabled":true,"_links":{"self":[{"href":"https:\/\/poloniabrasil.org.br\/site\/wp-json\/wp\/v2\/posts\/1944","targetHints":{"allow":["GET"]}}],"collection":[{"href":"https:\/\/poloniabrasil.org.br\/site\/wp-json\/wp\/v2\/posts"}],"about":[{"href":"https:\/\/poloniabrasil.org.br\/site\/wp-json\/wp\/v2\/types\/post"}],"author":[{"embeddable":true,"href":"https:\/\/poloniabrasil.org.br\/site\/wp-json\/wp\/v2\/users\/1"}],"replies":[{"embeddable":true,"href":"https:\/\/poloniabrasil.org.br\/site\/wp-json\/wp\/v2\/comments?post=1944"}],"version-history":[{"count":0,"href":"https:\/\/poloniabrasil.org.br\/site\/wp-json\/wp\/v2\/posts\/1944\/revisions"}],"wp:featuredmedia":[{"embeddable":true,"href":"https:\/\/poloniabrasil.org.br\/site\/wp-json\/wp\/v2\/media\/1945"}],"wp:attachment":[{"href":"https:\/\/poloniabrasil.org.br\/site\/wp-json\/wp\/v2\/media?parent=1944"}],"wp:term":[{"taxonomy":"category","embeddable":true,"href":"https:\/\/poloniabrasil.org.br\/site\/wp-json\/wp\/v2\/categories?post=1944"},{"taxonomy":"post_tag","embeddable":true,"href":"https:\/\/poloniabrasil.org.br\/site\/wp-json\/wp\/v2\/tags?post=1944"}],"curies":[{"name":"wp","href":"https:\/\/api.w.org\/{rel}","templated":true}]}}