{"id":1882,"date":"2019-05-10T15:35:19","date_gmt":"2019-05-10T15:35:19","guid":{"rendered":"http:\/\/poloniabrasil.org.br\/?p=1882"},"modified":"2019-05-10T15:35:19","modified_gmt":"2019-05-10T15:35:19","slug":"polski-data-nacional-da-republica-da-polonia","status":"publish","type":"post","link":"https:\/\/poloniabrasil.org.br\/site\/2019\/05\/10\/polski-data-nacional-da-republica-da-polonia\/","title":{"rendered":"Data Nacional da Rep\u00fablica da Pol\u00f4nia"},"content":{"rendered":"<p><!--:pt--><span class=\"selectable-text invisible-space copyable-text\" dir=\"ltr\">No dia 06 de maio de 2019 a Casa da Cultura Pol\u00f4nia Brasil recebeu alunos, associados e ilustres convidados para o evento alusivo \u00e0 Data Nacional da Rep\u00fablica da Pol\u00f4nia, onde foram comemorados: <\/span><\/p>\n<p><span class=\"selectable-text invisible-space copyable-text\" dir=\"ltr\">&#8211; Data Nacional alusiva \u00e0 Primeira Constitui\u00e7\u00e3o da Pol\u00f4nia, proclamada em 03\/05\/1791. <\/span><\/p>\n<p><span class=\"selectable-text invisible-space copyable-text\" dir=\"ltr\">&#8211; O Dia da Bandeira Nacional Polonesa (02\/05). <\/span><\/p>\n<p><span class=\"selectable-text invisible-space copyable-text\" dir=\"ltr\">&#8211; O Dia da Comunidade Polonesa no Exterior (02\/05). &#8211; 150 anos da Imigra\u00e7\u00e3o Polonesa no Brasil 1869 \u2013 2019, com a abertura da Exposi\u00e7\u00e3o: Sebasti\u00e3o Edmundo Wo\u015b Saporski <\/span><\/p>\n<p><span class=\"selectable-text invisible-space copyable-text\" dir=\"ltr\">O evento que teve o apoio do Consulado Geral da Rep\u00fablica da Pol\u00f4nia em Curitiba, contou com a presen\u00e7a da Sra. Dorota Bogutyn, C\u00f4nsul Interina, Sra. Dorota Ortynska, Vice-consul, Sr. Paulo Kochanny, Secret\u00e1rio de Assuntos Pol\u00f4nicos. Participaram tamb\u00e9m o Coral e Grupo Folcl\u00f3rico Polon\u00eas Karolinka de S\u00e3o Mateus do Sul, as curadoras da exposi\u00e7\u00e3o \u201cSebasti\u00e3o Edmundo Wo\u015b Saporski\u201d Sra.Mari In\u00eas Piekas e Sra. Juliana Kudlinski, e Sra. Marieta Saporski Lopes Franklin, bisneta de Saporski e seu grupo musical &#8220;Art Bossa Trio&#8221;.<\/span><\/p>\n<p><a href=\"http:\/\/poloniabrasil.org.br\/wp-content\/uploads\/2019\/05\/a.jpg\"><img loading=\"lazy\" decoding=\"async\" class=\"aligncenter size-medium wp-image-1883\" src=\"http:\/\/poloniabrasil.org.br\/wp-content\/uploads\/2019\/05\/a-300x225.jpg\" alt=\"a\" width=\"300\" height=\"225\" \/><\/a> <a href=\"http:\/\/poloniabrasil.org.br\/wp-content\/uploads\/2019\/05\/b.jpg\"><img loading=\"lazy\" decoding=\"async\" class=\"aligncenter size-medium wp-image-1884\" src=\"http:\/\/poloniabrasil.org.br\/wp-content\/uploads\/2019\/05\/b-300x225.jpg\" alt=\"b\" width=\"300\" height=\"225\" \/><\/a> <a href=\"http:\/\/poloniabrasil.org.br\/wp-content\/uploads\/2019\/05\/c.jpg\"><img loading=\"lazy\" decoding=\"async\" class=\"aligncenter size-medium wp-image-1885\" src=\"http:\/\/poloniabrasil.org.br\/wp-content\/uploads\/2019\/05\/c-300x225.jpg\" alt=\"c\" width=\"300\" height=\"225\" \/><\/a> <a href=\"http:\/\/poloniabrasil.org.br\/wp-content\/uploads\/2019\/05\/d.jpg\"><img loading=\"lazy\" decoding=\"async\" class=\"aligncenter size-medium wp-image-1886\" src=\"http:\/\/poloniabrasil.org.br\/wp-content\/uploads\/2019\/05\/d-300x225.jpg\" alt=\"d\" width=\"300\" height=\"225\" \/><\/a> <a href=\"http:\/\/poloniabrasil.org.br\/wp-content\/uploads\/2019\/05\/e.jpg\"><img loading=\"lazy\" decoding=\"async\" class=\"aligncenter size-medium wp-image-1887\" src=\"http:\/\/poloniabrasil.org.br\/wp-content\/uploads\/2019\/05\/e-212x300.jpg\" alt=\"e\" width=\"212\" height=\"300\" \/><\/a> <a href=\"http:\/\/poloniabrasil.org.br\/wp-content\/uploads\/2019\/05\/f.jpg\"><img loading=\"lazy\" decoding=\"async\" class=\"aligncenter size-medium wp-image-1888\" src=\"http:\/\/poloniabrasil.org.br\/wp-content\/uploads\/2019\/05\/f-300x225.jpg\" alt=\"f\" width=\"300\" height=\"225\" \/><\/a> <a href=\"http:\/\/poloniabrasil.org.br\/wp-content\/uploads\/2019\/05\/g.jpg\"><img loading=\"lazy\" decoding=\"async\" class=\"aligncenter size-medium wp-image-1889\" src=\"http:\/\/poloniabrasil.org.br\/wp-content\/uploads\/2019\/05\/g-300x225.jpg\" alt=\"g\" width=\"300\" height=\"225\" \/><\/a> <a href=\"http:\/\/poloniabrasil.org.br\/wp-content\/uploads\/2019\/05\/h.jpg\"><img loading=\"lazy\" decoding=\"async\" class=\"aligncenter size-medium wp-image-1890\" src=\"http:\/\/poloniabrasil.org.br\/wp-content\/uploads\/2019\/05\/h-300x225.jpg\" alt=\"h\" width=\"300\" height=\"225\" \/><\/a><!--:--><\/p>\n","protected":false},"excerpt":{"rendered":"<p>No dia 06 de maio de 2019 a Casa da Cultura Pol\u00f4nia Brasil recebeu alunos, associados e ilustres convidados para o evento alusivo \u00e0 Data Nacional da Rep\u00fablica da Pol\u00f4nia, onde foram comemorados: &#8211; Data Nacional alusiva \u00e0 Primeira Constitui\u00e7\u00e3o da Pol\u00f4nia, proclamada em 03\/05\/1791. &#8211; O Dia da Bandeira Nacional Polonesa (02\/05). &#8211; O [&hellip;]<\/p>\n","protected":false},"author":1,"featured_media":1883,"comment_status":"closed","ping_status":"closed","sticky":false,"template":"","format":"standard","meta":{"advgb_blocks_editor_width":"","advgb_blocks_columns_visual_guide":"","site-sidebar-layout":"default","site-content-layout":"","ast-site-content-layout":"","site-content-style":"default","site-sidebar-style":"default","ast-global-header-display":"","ast-banner-title-visibility":"","ast-main-header-display":"","ast-hfb-above-header-display":"","ast-hfb-below-header-display":"","ast-hfb-mobile-header-display":"","site-post-title":"","ast-breadcrumbs-content":"","ast-featured-img":"","footer-sml-layout":"","theme-transparent-header-meta":"","adv-header-id-meta":"","stick-header-meta":"","header-above-stick-meta":"","header-main-stick-meta":"","header-below-stick-meta":"","astra-migrate-meta-layouts":"default","ast-page-background-enabled":"default","ast-page-background-meta":{"desktop":{"background-color":"var(--ast-global-color-4)","background-image":"","background-repeat":"repeat","background-position":"center center","background-size":"auto","background-attachment":"scroll","background-type":"","background-media":"","overlay-type":"","overlay-color":"","overlay-opacity":"","overlay-gradient":""},"tablet":{"background-color":"","background-image":"","background-repeat":"repeat","background-position":"center center","background-size":"auto","background-attachment":"scroll","background-type":"","background-media":"","overlay-type":"","overlay-color":"","overlay-opacity":"","overlay-gradient":""},"mobile":{"background-color":"","background-image":"","background-repeat":"repeat","background-position":"center center","background-size":"auto","background-attachment":"scroll","background-type":"","background-media":"","overlay-type":"","overlay-color":"","overlay-opacity":"","overlay-gradient":""}},"ast-content-background-meta":{"desktop":{"background-color":"var(--ast-global-color-5)","background-image":"","background-repeat":"repeat","background-position":"center center","background-size":"auto","background-attachment":"scroll","background-type":"","background-media":"","overlay-type":"","overlay-color":"","overlay-opacity":"","overlay-gradient":""},"tablet":{"background-color":"var(--ast-global-color-5)","background-image":"","background-repeat":"repeat","background-position":"center center","background-size":"auto","background-attachment":"scroll","background-type":"","background-media":"","overlay-type":"","overlay-color":"","overlay-opacity":"","overlay-gradient":""},"mobile":{"background-color":"var(--ast-global-color-5)","background-image":"","background-repeat":"repeat","background-position":"center center","background-size":"auto","background-attachment":"scroll","background-type":"","background-media":"","overlay-type":"","overlay-color":"","overlay-opacity":"","overlay-gradient":""}},"_jetpack_memberships_contains_paid_content":false,"footnotes":""},"categories":[5,3,2],"tags":[],"class_list":["post-1882","post","type-post","status-publish","format-standard","has-post-thumbnail","hentry","category-eventos","category-galeria-fotos","category-noticias"],"author_meta":{"display_name":"adm_casa","author_link":"https:\/\/poloniabrasil.org.br\/site\/author\/adm_casa\/"},"featured_img":"https:\/\/poloniabrasil.org.br\/site\/wp-content\/uploads\/2019\/05\/a-1-300x225.jpg","jetpack_featured_media_url":"https:\/\/poloniabrasil.org.br\/site\/wp-content\/uploads\/2019\/05\/a-1.jpg","coauthors":[],"tax_additional":{"categories":{"linked":["<a href=\"https:\/\/poloniabrasil.org.br\/site\/category\/eventos\/\" class=\"advgb-post-tax-term\">Eventos<\/a>","<a href=\"https:\/\/poloniabrasil.org.br\/site\/category\/galeria-fotos\/\" class=\"advgb-post-tax-term\">Galeria de Fotos<\/a>","<a href=\"https:\/\/poloniabrasil.org.br\/site\/category\/noticias\/\" class=\"advgb-post-tax-term\">Not\u00edcias<\/a>"],"unlinked":["<span class=\"advgb-post-tax-term\">Eventos<\/span>","<span class=\"advgb-post-tax-term\">Galeria de Fotos<\/span>","<span class=\"advgb-post-tax-term\">Not\u00edcias<\/span>"]}},"comment_count":"0","relative_dates":{"created":"Publicado 7 anos atr\u00e1s","modified":"Atualizado 7 anos atr\u00e1s"},"absolute_dates":{"created":"Publicado em 10 de maio de 2019","modified":"Atualizado em 10 de maio de 2019"},"absolute_dates_time":{"created":"Publicado em 10 de maio de 2019 15:35","modified":"Atualizado em 10 de maio de 2019 15:35"},"featured_img_caption":"","series_order":"","jetpack_sharing_enabled":true,"_links":{"self":[{"href":"https:\/\/poloniabrasil.org.br\/site\/wp-json\/wp\/v2\/posts\/1882","targetHints":{"allow":["GET"]}}],"collection":[{"href":"https:\/\/poloniabrasil.org.br\/site\/wp-json\/wp\/v2\/posts"}],"about":[{"href":"https:\/\/poloniabrasil.org.br\/site\/wp-json\/wp\/v2\/types\/post"}],"author":[{"embeddable":true,"href":"https:\/\/poloniabrasil.org.br\/site\/wp-json\/wp\/v2\/users\/1"}],"replies":[{"embeddable":true,"href":"https:\/\/poloniabrasil.org.br\/site\/wp-json\/wp\/v2\/comments?post=1882"}],"version-history":[{"count":0,"href":"https:\/\/poloniabrasil.org.br\/site\/wp-json\/wp\/v2\/posts\/1882\/revisions"}],"wp:featuredmedia":[{"embeddable":true,"href":"https:\/\/poloniabrasil.org.br\/site\/wp-json\/wp\/v2\/media\/1883"}],"wp:attachment":[{"href":"https:\/\/poloniabrasil.org.br\/site\/wp-json\/wp\/v2\/media?parent=1882"}],"wp:term":[{"taxonomy":"category","embeddable":true,"href":"https:\/\/poloniabrasil.org.br\/site\/wp-json\/wp\/v2\/categories?post=1882"},{"taxonomy":"post_tag","embeddable":true,"href":"https:\/\/poloniabrasil.org.br\/site\/wp-json\/wp\/v2\/tags?post=1882"}],"curies":[{"name":"wp","href":"https:\/\/api.w.org\/{rel}","templated":true}]}}