{"id":1824,"date":"2019-02-19T18:09:16","date_gmt":"2019-02-19T18:09:16","guid":{"rendered":"http:\/\/poloniabrasil.org.br\/?p=1824"},"modified":"2019-02-19T18:09:16","modified_gmt":"2019-02-19T18:09:16","slug":"novas-turmas-semestrais-do-idioma-polones-matriculas-abertas-2","status":"publish","type":"post","link":"https:\/\/poloniabrasil.org.br\/site\/2019\/02\/19\/novas-turmas-semestrais-do-idioma-polones-matriculas-abertas-2\/","title":{"rendered":"Novas turmas semestrais do idioma polon\u00eas: matr\u00edculas abertas!"},"content":{"rendered":"<p><!--:pt--><\/p>\n<p style=\"text-align: center;\"><strong>ZAPRASZAMY SERDECZNIE! <\/strong><\/p>\n<p style=\"text-align: center;\"><strong>CURSO SEMESTRAL DO IDIOMA POLON\u00caS \u201cUCZMY SI\u0118 RAZEM\u201d <\/strong><\/p>\n<p>O curso semestral do idioma polon\u00eas da Casa da Cultura Pol\u00f4nia Brasil, est\u00e1 com inscri\u00e7\u00f5es abertas para Curitiba e S\u00e3o Jos\u00e9 dos Pinhais (Col\u00f4nia Murici). A institui\u00e7\u00e3o com sede em Curitiba foi fundada em 2012 e desde ent\u00e3o oferece atividades culturais e curso de idioma nas modalidades curso de f\u00e9rias e semestral, este para adultos e crian\u00e7as.<\/p>\n<p>Informa\u00e7\u00f5es e reserva de vaga atrav\u00e9s do e-mail idioma@poloniabrasil.org.br ou whatsapp (41) 99837-2801.<\/p>\n<p>O curso extensivo em Curitiba inicia em<strong> mar\u00e7o de 2019<\/strong>, atendendo as seguintes turmas:<\/p>\n<p>Segunda-feira:\u00a0\u00a0\u00a0\u00a0\u00a0\u00a0\u00a0\u00a0\u00a0\u00a0\u00a0\u00a0\u00a0\u00a0\u00a0\u00a0\u00a0\u00a0\u00a0\u00a0\u00a0\u00a0 <strong> Iniciante I<\/strong>\u00a0\u00a0\u00a0\u00a0\u00a0\u00a0\u00a0\u00a0\u00a0\u00a0\u00a0\u00a0\u00a0\u00a0\u00a0\u00a0\u00a0\u00a0\u00a0\u00a0\u00a0\u00a0\u00a0\u00a0\u00a0\u00a0 18h30 \u00e0s 21h00 Prof.\u00aa Regiane Maria Czervinski<\/p>\n<p>Ter\u00e7a-feira:\u00a0\u00a0\u00a0\u00a0\u00a0\u00a0\u00a0\u00a0\u00a0\u00a0\u00a0\u00a0\u00a0\u00a0\u00a0\u00a0\u00a0\u00a0\u00a0\u00a0\u00a0\u00a0\u00a0\u00a0\u00a0<strong>\u00a0\u00a0 Intermedi\u00e1rio<\/strong> \u00a0 \u00a0 \u00a0 \u00a0 \u00a0 \u00a0 \u00a0 \u00a0 \u00a0 18h30 \u00e0s 21h00 Prof.\u00aa Regiane Maria Czervinski<\/p>\n<p>Quarta-feira: \u00a0 \u00a0 \u00a0 \u00a0 \u00a0 \u00a0 \u00a0 \u00a0 \u00a0 \u00a0 <strong>\u00a0 \u00a0 Avan\u00e7ado\u00a0\u00a0\u00a0<\/strong>\u00a0\u00a0\u00a0\u00a0\u00a0\u00a0\u00a0\u00a0\u00a0\u00a0\u00a0\u00a0\u00a0\u00a0\u00a0\u00a0\u00a0\u00a0\u00a0\u00a0\u00a0\u00a0\u00a0\u00a0\u00a0 14h00 \u00e0s 17h00 Prof.\u00aa Paula Cristina Celli<\/p>\n<p>Quarta-feira: \u00a0 \u00a0 \u00a0 \u00a0 \u00a0 \u00a0 \u00a0 \u00a0 \u00a0 \u00a0 \u00a0 \u00a0<strong> Iniciante II \u00a0 \u00a0 \u00a0 \u00a0<\/strong> \u00a0 \u00a0 \u00a0 \u00a0 \u00a0 \u00a0 \u00a0 \u00a0\u00a0 18h30 \u00e0s 21h00 Prof.\u00aa Regiane Maria Czervinski<\/p>\n<p>S\u00e1bado: \u00a0 \u00a0 \u00a0 \u00a0 \u00a0 \u00a0 \u00a0 \u00a0 \u00a0 \u00a0 \u00a0 \u00a0 \u00a0<strong> \u00a0 \u00a0 \u00a0\u00a0 Intermedi\u00e1rio \u00a0 \u00a0 \u00a0 \u00a0 \u00a0 \u00a0 \u00a0 \u00a0\u00a0<\/strong> 8h30 as 11h00 Prof.\u00aa Regiane Maria Czervinski<\/p>\n<p>S\u00e1bado: \u00a0 \u00a0 \u00a0 \u00a0 \u00a0 \u00a0 \u00a0 \u00a0 \u00a0 \u00a0 \u00a0 \u00a0 \u00a0 \u00a0 \u00a0<strong> \u00a0\u00a0 INFANTIL<\/strong> \u00a0 \u00a0 \u00a0 \u00a0 \u00a0 \u00a0 \u00a0 \u00a0 \u00a0 \u00a0 \u00a0 \u00a0 \u00a0 14h00 as 15h15 Prof.\u00aa Regiane Maria Czervinski<\/p>\n<p>Em S\u00e3o Jos\u00e9 dos Pinhais as aulas iniciam <strong>em mar\u00e7o<\/strong> no Sindicato dos Trabalhadores Rurais \u2013 Rua Dona Izabel A. Redentora, n\u00ba 750, Centro:<\/p>\n<p>Quarta-Feira: \u00a0 \u00a0 \u00a0 \u00a0 \u00a0 \u00a0 <strong>\u00a0 \u00a0 \u00a0 \u00a0\u00a0 Intermedi\u00e1rio<\/strong> \u00a0 \u00a0 \u00a0 \u00a0 \u00a0 \u00a0 \u00a0 \u00a0 \u00a0\u00a0 19h00 as 21h00 Prof.\u00aa Paula Cristina Celli<\/p>\n<p>Na Col\u00f4nia Murici as aulas iniciam <strong>em mar\u00e7o<\/strong> no Restaurante Sol e Lua \u2013 Rua J\u00falio C\u00e9sar Setenareski, n\u00ba 3570, Col\u00f4nia Murici, S\u00e3o Jos\u00e9 dos Pinhais\/PR:<\/p>\n<p>Quinta-Feira: \u00a0 \u00a0 \u00a0 \u00a0 \u00a0 \u00a0 \u00a0 \u00a0<strong> \u00a0 \u00a0 Iniciante II<\/strong>\u00a0\u00a0\u00a0\u00a0\u00a0\u00a0\u00a0\u00a0\u00a0\u00a0\u00a0\u00a0\u00a0\u00a0\u00a0\u00a0\u00a0\u00a0\u00a0\u00a0\u00a0\u00a0\u00a0\u00a0\u00a0\u00a0 19h00 as 21h00 Prof.\u00aa Paula Cristina Celli<\/p>\n<p><a href=\"http:\/\/poloniabrasil.org.br\/wp-content\/uploads\/2019\/02\/cursoad2.jpg\"><img loading=\"lazy\" decoding=\"async\" class=\"aligncenter size-medium wp-image-1825\" src=\"http:\/\/poloniabrasil.org.br\/wp-content\/uploads\/2019\/02\/cursoad2-300x197.jpg\" alt=\"cursoad2\" width=\"300\" height=\"197\" \/><\/a><\/p>\n<p>Servi\u00e7o: Curso de Polon\u00eas \u201cUczmy si\u0119 razem\u201d<\/p>\n<p>Onde: Casa da Cultura Pol\u00f4nia Brasil<\/p>\n<p>Rua \u00c9bano Pereira, 502 \u2013 Centro \u2013 Curitiba \u2013 PR Mais informa\u00e7\u00f5es pelo e-mail idioma@poloniabrasil.org.br ou whatsapp (41) 99837-2801<!--:--><\/p>\n","protected":false},"excerpt":{"rendered":"<p>ZAPRASZAMY SERDECZNIE! CURSO SEMESTRAL DO IDIOMA POLON\u00caS \u201cUCZMY SI\u0118 RAZEM\u201d O curso semestral do idioma polon\u00eas da Casa da Cultura Pol\u00f4nia Brasil, est\u00e1 com inscri\u00e7\u00f5es abertas para Curitiba e S\u00e3o Jos\u00e9 dos Pinhais (Col\u00f4nia Murici). A institui\u00e7\u00e3o com sede em Curitiba foi fundada em 2012 e desde ent\u00e3o oferece atividades culturais e curso de idioma [&hellip;]<\/p>\n","protected":false},"author":1,"featured_media":1825,"comment_status":"closed","ping_status":"closed","sticky":false,"template":"","format":"standard","meta":{"advgb_blocks_editor_width":"","advgb_blocks_columns_visual_guide":"","site-sidebar-layout":"default","site-content-layout":"","ast-site-content-layout":"","site-content-style":"default","site-sidebar-style":"default","ast-global-header-display":"","ast-banner-title-visibility":"","ast-main-header-display":"","ast-hfb-above-header-display":"","ast-hfb-below-header-display":"","ast-hfb-mobile-header-display":"","site-post-title":"","ast-breadcrumbs-content":"","ast-featured-img":"","footer-sml-layout":"","theme-transparent-header-meta":"","adv-header-id-meta":"","stick-header-meta":"","header-above-stick-meta":"","header-main-stick-meta":"","header-below-stick-meta":"","astra-migrate-meta-layouts":"default","ast-page-background-enabled":"default","ast-page-background-meta":{"desktop":{"background-color":"var(--ast-global-color-4)","background-image":"","background-repeat":"repeat","background-position":"center center","background-size":"auto","background-attachment":"scroll","background-type":"","background-media":"","overlay-type":"","overlay-color":"","overlay-opacity":"","overlay-gradient":""},"tablet":{"background-color":"","background-image":"","background-repeat":"repeat","background-position":"center center","background-size":"auto","background-attachment":"scroll","background-type":"","background-media":"","overlay-type":"","overlay-color":"","overlay-opacity":"","overlay-gradient":""},"mobile":{"background-color":"","background-image":"","background-repeat":"repeat","background-position":"center center","background-size":"auto","background-attachment":"scroll","background-type":"","background-media":"","overlay-type":"","overlay-color":"","overlay-opacity":"","overlay-gradient":""}},"ast-content-background-meta":{"desktop":{"background-color":"var(--ast-global-color-5)","background-image":"","background-repeat":"repeat","background-position":"center center","background-size":"auto","background-attachment":"scroll","background-type":"","background-media":"","overlay-type":"","overlay-color":"","overlay-opacity":"","overlay-gradient":""},"tablet":{"background-color":"var(--ast-global-color-5)","background-image":"","background-repeat":"repeat","background-position":"center center","background-size":"auto","background-attachment":"scroll","background-type":"","background-media":"","overlay-type":"","overlay-color":"","overlay-opacity":"","overlay-gradient":""},"mobile":{"background-color":"var(--ast-global-color-5)","background-image":"","background-repeat":"repeat","background-position":"center center","background-size":"auto","background-attachment":"scroll","background-type":"","background-media":"","overlay-type":"","overlay-color":"","overlay-opacity":"","overlay-gradient":""}},"_jetpack_memberships_contains_paid_content":false,"footnotes":""},"categories":[2],"tags":[],"class_list":["post-1824","post","type-post","status-publish","format-standard","has-post-thumbnail","hentry","category-noticias"],"author_meta":{"display_name":"adm_casa","author_link":"https:\/\/poloniabrasil.org.br\/site\/author\/adm_casa\/"},"featured_img":"https:\/\/poloniabrasil.org.br\/site\/wp-content\/uploads\/2019\/02\/cursoad2-1-300x197.jpg","jetpack_featured_media_url":"https:\/\/poloniabrasil.org.br\/site\/wp-content\/uploads\/2019\/02\/cursoad2-1-scaled.jpg","coauthors":[],"tax_additional":{"categories":{"linked":["<a href=\"https:\/\/poloniabrasil.org.br\/site\/category\/noticias\/\" class=\"advgb-post-tax-term\">Not\u00edcias<\/a>"],"unlinked":["<span class=\"advgb-post-tax-term\">Not\u00edcias<\/span>"]}},"comment_count":"0","relative_dates":{"created":"Publicado 7 anos atr\u00e1s","modified":"Atualizado 7 anos atr\u00e1s"},"absolute_dates":{"created":"Publicado em 19 de fevereiro de 2019","modified":"Atualizado em 19 de fevereiro de 2019"},"absolute_dates_time":{"created":"Publicado em 19 de fevereiro de 2019 18:09","modified":"Atualizado em 19 de fevereiro de 2019 18:09"},"featured_img_caption":"","series_order":"","jetpack_sharing_enabled":true,"_links":{"self":[{"href":"https:\/\/poloniabrasil.org.br\/site\/wp-json\/wp\/v2\/posts\/1824","targetHints":{"allow":["GET"]}}],"collection":[{"href":"https:\/\/poloniabrasil.org.br\/site\/wp-json\/wp\/v2\/posts"}],"about":[{"href":"https:\/\/poloniabrasil.org.br\/site\/wp-json\/wp\/v2\/types\/post"}],"author":[{"embeddable":true,"href":"https:\/\/poloniabrasil.org.br\/site\/wp-json\/wp\/v2\/users\/1"}],"replies":[{"embeddable":true,"href":"https:\/\/poloniabrasil.org.br\/site\/wp-json\/wp\/v2\/comments?post=1824"}],"version-history":[{"count":0,"href":"https:\/\/poloniabrasil.org.br\/site\/wp-json\/wp\/v2\/posts\/1824\/revisions"}],"wp:featuredmedia":[{"embeddable":true,"href":"https:\/\/poloniabrasil.org.br\/site\/wp-json\/wp\/v2\/media\/1825"}],"wp:attachment":[{"href":"https:\/\/poloniabrasil.org.br\/site\/wp-json\/wp\/v2\/media?parent=1824"}],"wp:term":[{"taxonomy":"category","embeddable":true,"href":"https:\/\/poloniabrasil.org.br\/site\/wp-json\/wp\/v2\/categories?post=1824"},{"taxonomy":"post_tag","embeddable":true,"href":"https:\/\/poloniabrasil.org.br\/site\/wp-json\/wp\/v2\/tags?post=1824"}],"curies":[{"name":"wp","href":"https:\/\/api.w.org\/{rel}","templated":true}]}}