{"id":1236,"date":"2017-09-25T14:32:52","date_gmt":"2017-09-25T14:32:52","guid":{"rendered":"http:\/\/poloniabrasil.org.br\/?p=1236"},"modified":"2017-09-25T14:32:52","modified_gmt":"2017-09-25T14:32:52","slug":"os-institutos-europeus-de-curitiba-se-reuniram-para-comemorar-o-dia-europeu-das-linguas","status":"publish","type":"post","link":"https:\/\/poloniabrasil.org.br\/site\/2017\/09\/25\/os-institutos-europeus-de-curitiba-se-reuniram-para-comemorar-o-dia-europeu-das-linguas\/","title":{"rendered":"Os Institutos Europeus de Curitiba se reuniram para comemorar o Dia Europeu das L\u00ednguas!"},"content":{"rendered":"<p><!--:pt--><figure id=\"attachment_1237\" aria-describedby=\"caption-attachment-1237\" style=\"width: 478px\" class=\"wp-caption aligncenter\"><a href=\"http:\/\/poloniabrasil.org.br\/wp-content\/uploads\/2017\/09\/foto-2-credito-Regiane-czervinski.jpg\"><img loading=\"lazy\" decoding=\"async\" class=\"wp-image-1237 \" src=\"http:\/\/poloniabrasil.org.br\/wp-content\/uploads\/2017\/09\/foto-2-credito-Regiane-czervinski-300x209.jpg\" alt=\"(Foto: Regiane Czervinski)\" width=\"478\" height=\"333\" \/><\/a><figcaption id=\"caption-attachment-1237\" class=\"wp-caption-text\">(Foto: Regiane Czervinski)<\/figcaption><\/figure><\/p>\n<p>A <strong>Casa da Cultura Pol\u00f4nia Brasil <\/strong>participou neste s\u00e1bado do Dia Europeu das L\u00ednguas e reuniu alunos e interessados no idioma polon\u00eas durante atividades realizadas no Instituto-Goethe localizado no complexo conhecido por <em>A F\u00e1brika.<\/em><\/p>\n<figure id=\"attachment_1238\" aria-describedby=\"caption-attachment-1238\" style=\"width: 618px\" class=\"wp-caption aligncenter\"><a href=\"http:\/\/poloniabrasil.org.br\/wp-content\/uploads\/2017\/09\/evento-dia-das-linguas-europeias_ccpb_2017.jpg\"><img loading=\"lazy\" decoding=\"async\" class=\"wp-image-1238 size-large\" src=\"http:\/\/poloniabrasil.org.br\/wp-content\/uploads\/2017\/09\/evento-dia-das-linguas-europeias_ccpb_2017-1024x295.jpg\" alt=\"(Fotos: Regiane Czervinski E Paula Celli)\" width=\"618\" height=\"178\" \/><\/a><figcaption id=\"caption-attachment-1238\" class=\"wp-caption-text\">(Fotos: Regiane Czervinski E Paula Celli)<\/figcaption><\/figure>\n<p>&nbsp;<\/p>\n<p>Al\u00e9m das atividades de cultura e idioma o evento reuniu <em>food-trucks<\/em> e os presentes puderam provar algumas del\u00edcias enquanto participa\u00e7\u00e3o da programa\u00e7\u00e3o.<\/p>\n<p>Embora se comemora oficialmente dia 26 de setembro, os Institutos de Curitiba neste ano optaram por realizar o evento no s\u00e1bado 23 aproveitando o in\u00edcio da primavera e convidou a comunidade curitibana para celebrar a diversidade lingu\u00edstica de um continente.<\/p>\n<p>Porque se comemora este dia? Trata-se de uma oportunidade para sensibilizar para a grande variedade de l\u00ednguas na Europa; promover a diversidade cultural e lingu\u00edstica; incentivar pessoas de todas as idades a aprender l\u00ednguas e conhecer v\u00e1rias l\u00ednguas faz com que seja mais f\u00e1cil encontrar trabalho.<\/p>\n<p>Voc\u00ea sabia que:<\/p>\n<ul>\n<li>s\u00e3o mais de 200 l\u00ednguas europeias;<\/li>\n<li>s\u00e3o 24 l\u00ednguas oficiais da EU;<\/li>\n<li>s\u00e3o cerca de 60 l\u00ednguas regionais\/minorit\u00e1rias;<\/li>\n<li>muitas outras l\u00ednguas que s\u00e3o faladas por popula\u00e7\u00f5es de outras partes do mundo;<\/li>\n<\/ul>\n<p>Para saber mais sobre os cursos de idioma polon\u00eas oferecidos pela CCBP entre em contato atrav\u00e9s do e-mail idioma@poloniabrasil.org.br ou <em>Whatsapp<\/em> (41) 99647-8488.<\/p>\n<p style=\"text-align: center;\">\u00a0***<\/p>\n<p><!--:--><\/p>\n","protected":false},"excerpt":{"rendered":"<p>A Casa da Cultura Pol\u00f4nia Brasil participou neste s\u00e1bado do Dia Europeu das L\u00ednguas e reuniu alunos e interessados no idioma polon\u00eas durante atividades realizadas no Instituto-Goethe localizado no complexo conhecido por A F\u00e1brika. &nbsp; Al\u00e9m das atividades de cultura e idioma o evento reuniu food-trucks e os presentes puderam provar algumas del\u00edcias enquanto participa\u00e7\u00e3o [&hellip;]<\/p>\n","protected":false},"author":1,"featured_media":1237,"comment_status":"closed","ping_status":"closed","sticky":false,"template":"","format":"standard","meta":{"advgb_blocks_editor_width":"","advgb_blocks_columns_visual_guide":"","site-sidebar-layout":"default","site-content-layout":"","ast-site-content-layout":"","site-content-style":"default","site-sidebar-style":"default","ast-global-header-display":"","ast-banner-title-visibility":"","ast-main-header-display":"","ast-hfb-above-header-display":"","ast-hfb-below-header-display":"","ast-hfb-mobile-header-display":"","site-post-title":"","ast-breadcrumbs-content":"","ast-featured-img":"","footer-sml-layout":"","theme-transparent-header-meta":"","adv-header-id-meta":"","stick-header-meta":"","header-above-stick-meta":"","header-main-stick-meta":"","header-below-stick-meta":"","astra-migrate-meta-layouts":"default","ast-page-background-enabled":"default","ast-page-background-meta":{"desktop":{"background-color":"var(--ast-global-color-4)","background-image":"","background-repeat":"repeat","background-position":"center center","background-size":"auto","background-attachment":"scroll","background-type":"","background-media":"","overlay-type":"","overlay-color":"","overlay-opacity":"","overlay-gradient":""},"tablet":{"background-color":"","background-image":"","background-repeat":"repeat","background-position":"center center","background-size":"auto","background-attachment":"scroll","background-type":"","background-media":"","overlay-type":"","overlay-color":"","overlay-opacity":"","overlay-gradient":""},"mobile":{"background-color":"","background-image":"","background-repeat":"repeat","background-position":"center center","background-size":"auto","background-attachment":"scroll","background-type":"","background-media":"","overlay-type":"","overlay-color":"","overlay-opacity":"","overlay-gradient":""}},"ast-content-background-meta":{"desktop":{"background-color":"var(--ast-global-color-5)","background-image":"","background-repeat":"repeat","background-position":"center center","background-size":"auto","background-attachment":"scroll","background-type":"","background-media":"","overlay-type":"","overlay-color":"","overlay-opacity":"","overlay-gradient":""},"tablet":{"background-color":"var(--ast-global-color-5)","background-image":"","background-repeat":"repeat","background-position":"center center","background-size":"auto","background-attachment":"scroll","background-type":"","background-media":"","overlay-type":"","overlay-color":"","overlay-opacity":"","overlay-gradient":""},"mobile":{"background-color":"var(--ast-global-color-5)","background-image":"","background-repeat":"repeat","background-position":"center center","background-size":"auto","background-attachment":"scroll","background-type":"","background-media":"","overlay-type":"","overlay-color":"","overlay-opacity":"","overlay-gradient":""}},"_jetpack_memberships_contains_paid_content":false,"footnotes":""},"categories":[2],"tags":[220,112,290],"class_list":["post-1236","post","type-post","status-publish","format-standard","has-post-thumbnail","hentry","category-noticias","tag-ccpb","tag-curso-de-polones","tag-dia-das-linguas-europeias"],"author_meta":{"display_name":"adm_casa","author_link":"https:\/\/poloniabrasil.org.br\/site\/author\/adm_casa\/"},"featured_img":"https:\/\/poloniabrasil.org.br\/site\/wp-content\/uploads\/2017\/09\/foto-2-credito-Regiane-czervinski-1-300x209.jpg","jetpack_featured_media_url":"https:\/\/poloniabrasil.org.br\/site\/wp-content\/uploads\/2017\/09\/foto-2-credito-Regiane-czervinski-1.jpg","coauthors":[],"tax_additional":{"categories":{"linked":["<a href=\"https:\/\/poloniabrasil.org.br\/site\/category\/noticias\/\" class=\"advgb-post-tax-term\">Not\u00edcias<\/a>"],"unlinked":["<span class=\"advgb-post-tax-term\">Not\u00edcias<\/span>"]},"tags":{"linked":["<a href=\"https:\/\/poloniabrasil.org.br\/site\/category\/noticias\/\" class=\"advgb-post-tax-term\">CCPB<\/a>","<a href=\"https:\/\/poloniabrasil.org.br\/site\/category\/noticias\/\" class=\"advgb-post-tax-term\">Curso de Polon\u00eas<\/a>","<a href=\"https:\/\/poloniabrasil.org.br\/site\/category\/noticias\/\" class=\"advgb-post-tax-term\">Dia das L\u00ednguas Europeias<\/a>"],"unlinked":["<span class=\"advgb-post-tax-term\">CCPB<\/span>","<span class=\"advgb-post-tax-term\">Curso de Polon\u00eas<\/span>","<span class=\"advgb-post-tax-term\">Dia das L\u00ednguas Europeias<\/span>"]}},"comment_count":"0","relative_dates":{"created":"Publicado 9 anos atr\u00e1s","modified":"Atualizado 9 anos atr\u00e1s"},"absolute_dates":{"created":"Publicado em 25 de setembro de 2017","modified":"Atualizado em 25 de setembro de 2017"},"absolute_dates_time":{"created":"Publicado em 25 de setembro de 2017 14:32","modified":"Atualizado em 25 de setembro de 2017 14:32"},"featured_img_caption":"(Foto: Regiane Czervinski)","series_order":"","jetpack_sharing_enabled":true,"_links":{"self":[{"href":"https:\/\/poloniabrasil.org.br\/site\/wp-json\/wp\/v2\/posts\/1236","targetHints":{"allow":["GET"]}}],"collection":[{"href":"https:\/\/poloniabrasil.org.br\/site\/wp-json\/wp\/v2\/posts"}],"about":[{"href":"https:\/\/poloniabrasil.org.br\/site\/wp-json\/wp\/v2\/types\/post"}],"author":[{"embeddable":true,"href":"https:\/\/poloniabrasil.org.br\/site\/wp-json\/wp\/v2\/users\/1"}],"replies":[{"embeddable":true,"href":"https:\/\/poloniabrasil.org.br\/site\/wp-json\/wp\/v2\/comments?post=1236"}],"version-history":[{"count":0,"href":"https:\/\/poloniabrasil.org.br\/site\/wp-json\/wp\/v2\/posts\/1236\/revisions"}],"wp:featuredmedia":[{"embeddable":true,"href":"https:\/\/poloniabrasil.org.br\/site\/wp-json\/wp\/v2\/media\/1237"}],"wp:attachment":[{"href":"https:\/\/poloniabrasil.org.br\/site\/wp-json\/wp\/v2\/media?parent=1236"}],"wp:term":[{"taxonomy":"category","embeddable":true,"href":"https:\/\/poloniabrasil.org.br\/site\/wp-json\/wp\/v2\/categories?post=1236"},{"taxonomy":"post_tag","embeddable":true,"href":"https:\/\/poloniabrasil.org.br\/site\/wp-json\/wp\/v2\/tags?post=1236"}],"curies":[{"name":"wp","href":"https:\/\/api.w.org\/{rel}","templated":true}]}}