{"id":1102,"date":"2017-05-06T12:02:30","date_gmt":"2017-05-06T12:02:30","guid":{"rendered":"http:\/\/poloniabrasil.org.br\/?p=1102"},"modified":"2022-07-01T10:02:53","modified_gmt":"2022-07-01T13:02:53","slug":"lancamento-do-boletim-tak","status":"publish","type":"post","link":"https:\/\/poloniabrasil.org.br\/site\/2017\/05\/06\/lancamento-do-boletim-tak\/","title":{"rendered":"Lan\u00e7amento do Boletim Tak!"},"content":{"rendered":"<p><!--:pt--><\/p>\n<div class=\"\" data-block=\"true\" data-editor=\"9tnac\" data-offset-key=\"fk24q-0-0\">\n<div class=\"_1mf _1mj\" data-offset-key=\"fk24q-0-0\">\n<figure id=\"attachment_1103\" aria-describedby=\"caption-attachment-1103\" style=\"width: 960px\" class=\"wp-caption aligncenter\"><a href=\"http:\/\/poloniabrasil.org.br\/wp-content\/uploads\/2017\/05\/tak.jpg\" target=\"_blank\" rel=\"noopener\"><img loading=\"lazy\" decoding=\"async\" class=\"wp-image-1103 size-full\" src=\"http:\/\/poloniabrasil.org.br\/wp-content\/uploads\/2017\/05\/tak.jpg\" alt=\"(Equipe da reda\u00e7\u00e3o - Foto: Kenzo Piekas Fukushima)\" width=\"960\" height=\"640\"><\/a><figcaption id=\"caption-attachment-1103\" class=\"wp-caption-text\">(Equipe da reda\u00e7\u00e3o &#8211; Foto: Kenzo Piekas Fukushima)<\/figcaption><\/figure>\n<p><span data-offset-key=\"fk24q-0-0\"><span data-text=\"true\">Na noite do dia 04 de maio aconteceu o lan\u00e7amento do<strong> Boletim Tak<\/strong>! um novo canal de comunica\u00e7\u00e3o para divulgar a agenda cultural Pol\u00f4nia Brasil. O lan\u00e7amento celebra a&nbsp;<\/span><\/span>data nacional polonesa de <strong>03 de maio &#8211; Dia da Constitui\u00e7\u00e3o da Pol\u00f4nia<\/strong>.<\/p>\n<\/div>\n<div class=\"_1mf _1mj\" data-offset-key=\"fk24q-0-0\"><\/div>\n<div class=\"_1mf _1mj\" data-offset-key=\"fk24q-0-0\">Para o Consul Geral da Pol\u00f4nia, Sr. <em>Marek Makowski<\/em> &#8220;A Pol\u00f4nia e a comunidade polonesa no Brasil t\u00eam muito a ser divulgado, para que melhor entendamos nossa hist\u00f3ria, para sabermos mais da nossa cultura e l\u00edngua, nossas realiza\u00e7\u00f5es e eventos, para nos orgulharmos do sangue polon\u00eas&#8221;.<\/div>\n<\/div>\n<div class=\"\" data-block=\"true\" data-editor=\"9tnac\" data-offset-key=\"5i21i-0-0\">\n<div class=\"_1mf _1mj\" data-offset-key=\"5i21i-0-0\">\n<figure id=\"attachment_1111\" aria-describedby=\"caption-attachment-1111\" style=\"width: 618px\" class=\"wp-caption aligncenter\"><a href=\"http:\/\/poloniabrasil.org.br\/wp-content\/uploads\/2017\/05\/DSC_0360.jpg\"><img loading=\"lazy\" decoding=\"async\" class=\"wp-image-1111 size-large\" src=\"http:\/\/poloniabrasil.org.br\/wp-content\/uploads\/2017\/05\/DSC_0360-1024x646.jpg\" alt=\"(Izabel Liviski, a Diretora de Reda\u00e7\u00e3o - Foto: CCPB)\" width=\"618\" height=\"390\"><\/a><figcaption id=\"caption-attachment-1111\" class=\"wp-caption-text\">(Izabel Liviski, Diretora de Reda\u00e7\u00e3o &#8211; Foto: CCPB)<\/figcaption><\/figure>\n<\/div>\n<\/div>\n<div class=\"\" data-block=\"true\" data-editor=\"9tnac\" data-offset-key=\"d65l3-0-0\">\n<div class=\"_1mf _1mj\" data-offset-key=\"d65l3-0-0\"><em><span class=\"_247o\" spellcheck=\"false\" data-offset-key=\"d65l3-0-0\"><span data-offset-key=\"d65l3-0-0\"><span data-text=\"true\">Izabel Liviski<\/span><\/span><\/span><\/em><span data-offset-key=\"d65l3-1-0\"><span data-text=\"true\">, a Diretora de Reda\u00e7\u00e3o apresenta o Boletim:&nbsp;<\/span><\/span>&#8220;O Boletim TAK! possui muitas vozes e muitas m\u00e3os, e neste n\u00famero zero estamos ainda experimentando, aproximando pessoas, viv\u00eancias, conhecimentos, percep\u00e7\u00f5es, pesquisas&#8230; juntando polonidades e brasilidades numa alquimia que j\u00e1 provou em outros campos, h\u00e1 muito tempo ser bem-sucedida&#8221;.<\/div>\n<\/div>\n<div class=\"\" data-block=\"true\" data-editor=\"9tnac\" data-offset-key=\"erk4u-0-0\">\n<div class=\"_1mf _1mj\" data-offset-key=\"erk4u-0-0\">\n<figure id=\"attachment_1110\" aria-describedby=\"caption-attachment-1110\" style=\"width: 945px\" class=\"wp-caption aligncenter\"><a href=\"http:\/\/poloniabrasil.org.br\/wp-content\/uploads\/2017\/05\/DSC_0353.jpg\"><img loading=\"lazy\" decoding=\"async\" class=\" wp-image-1110\" src=\"http:\/\/poloniabrasil.org.br\/wp-content\/uploads\/2017\/05\/DSC_0353.jpg\" alt=\"(Sra. Schirlei Freder, presidente da CCPB - Foto: CCPB)\" width=\"945\" height=\"683\"><\/a><figcaption id=\"caption-attachment-1110\" class=\"wp-caption-text\">(Sra. Schirlei Freder, presidente da CCPB &#8211; Foto: CCPB)<\/figcaption><\/figure>\n<p>A presidente da Casa da Cultura Pol\u00f4nia Brasil refor\u00e7a o objetivo do Boletim: \u201cEste ve\u00edculo de comunica\u00e7\u00e3o est\u00e1 sendo criado a v\u00e1rias m\u00e3os e com o objetivo principal de disseminar as express\u00f5es culturais e elementos da cultura polonesa, bem como auxiliar na divulga\u00e7\u00e3o dos diversos eventos realizados pelas comunidades no Brasil\u201d. E faz um convite a comunidade para que se somem na divulga\u00e7\u00e3o de not\u00edcias e eventos e tamb\u00e9m convida futuros patrocinadores a se somarem nessa iniciativa.<\/p>\n<\/div>\n<\/div>\n<div class=\"\" data-block=\"true\" data-editor=\"9tnac\" data-offset-key=\"b0c00-0-0\">\n<div class=\"_1mf _1mj\" data-offset-key=\"b0c00-0-0\">\n<p>O&nbsp;<strong>Boletim Tak<\/strong>! \u00e9 uma iniciativa da&nbsp;<strong>Casa da Cultura Pol\u00f4nia Brasil<\/strong>&nbsp;e conta com o apoio de diversas entidades, entre elas&nbsp;Consulado Geral da Rep\u00fablica da Pol\u00f4nia em Curitiba,&nbsp;Braspol,&nbsp;Sociedade Polono-Brasileira Tadeusz Kosciuszko,&nbsp;Nexo Design,&nbsp;Creare Consultoria, Gest\u00e3o e Treinamentos&nbsp;e Miss\u00e3o Cat\u00f3lica Polonesa no Brasil.<\/p>\n<p style=\"text-align: center;\"><a href=\"http:\/\/poloniabrasil.org.br\/wp-content\/uploads\/2017\/05\/Boletim_TAK_numero_0_web.pdf\" target=\"_blank\" rel=\"noopener\"><img loading=\"lazy\" decoding=\"async\" class=\"aligncenter size-full wp-image-1675\" src=\"http:\/\/poloniabrasil.org.br\/wp-content\/uploads\/2017\/05\/boletim-0.jpg\" alt=\"boletim-0\" width=\"300\" height=\"428\"><\/a><\/p>\n<p style=\"text-align: center;\"><strong><a href=\"http:\/\/poloniabrasil.org.br\/wp-content\/uploads\/2017\/05\/Boletim_TAK_numero_0_web.pdf\" target=\"_blank\" rel=\"noopener\"><span style=\"color: #003366;\">Baixe seu exemplar: Boletim TAK_n\u00ba 0<\/span><\/a><\/strong><\/p>\n<p>&nbsp;<\/p>\n<p>Sugest\u00f5es e informa\u00e7\u00f5es atrav\u00e9s do e-mail: &nbsp;tak@poloniabrasil.org.br<\/p>\n<p style=\"text-align: center;\">***<\/p>\n<\/div>\n<\/div>\n<p><!--:--><\/p>\n","protected":false},"excerpt":{"rendered":"<p>Na noite do dia 04 de maio aconteceu o lan\u00e7amento do Boletim Tak! um novo canal de comunica\u00e7\u00e3o para divulgar a agenda cultural Pol\u00f4nia Brasil. O lan\u00e7amento celebra a&nbsp;data nacional polonesa de 03 de maio &#8211; Dia da Constitui\u00e7\u00e3o da Pol\u00f4nia. Para o Consul Geral da Pol\u00f4nia, Sr. Marek Makowski &#8220;A Pol\u00f4nia e a comunidade [&hellip;]<\/p>\n","protected":false},"author":1,"featured_media":1103,"comment_status":"closed","ping_status":"closed","sticky":false,"template":"","format":"standard","meta":{"advgb_blocks_editor_width":"","advgb_blocks_columns_visual_guide":"","site-sidebar-layout":"default","site-content-layout":"","ast-site-content-layout":"","site-content-style":"default","site-sidebar-style":"default","ast-global-header-display":"","ast-banner-title-visibility":"","ast-main-header-display":"","ast-hfb-above-header-display":"","ast-hfb-below-header-display":"","ast-hfb-mobile-header-display":"","site-post-title":"","ast-breadcrumbs-content":"","ast-featured-img":"disabled","footer-sml-layout":"","theme-transparent-header-meta":"","adv-header-id-meta":"","stick-header-meta":"","header-above-stick-meta":"","header-main-stick-meta":"","header-below-stick-meta":"","astra-migrate-meta-layouts":"default","ast-page-background-enabled":"default","ast-page-background-meta":{"desktop":{"background-color":"var(--ast-global-color-4)","background-image":"","background-repeat":"repeat","background-position":"center center","background-size":"auto","background-attachment":"scroll","background-type":"","background-media":"","overlay-type":"","overlay-color":"","overlay-opacity":"","overlay-gradient":""},"tablet":{"background-color":"","background-image":"","background-repeat":"repeat","background-position":"center center","background-size":"auto","background-attachment":"scroll","background-type":"","background-media":"","overlay-type":"","overlay-color":"","overlay-opacity":"","overlay-gradient":""},"mobile":{"background-color":"","background-image":"","background-repeat":"repeat","background-position":"center center","background-size":"auto","background-attachment":"scroll","background-type":"","background-media":"","overlay-type":"","overlay-color":"","overlay-opacity":"","overlay-gradient":""}},"ast-content-background-meta":{"desktop":{"background-color":"var(--ast-global-color-5)","background-image":"","background-repeat":"repeat","background-position":"center center","background-size":"auto","background-attachment":"scroll","background-type":"","background-media":"","overlay-type":"","overlay-color":"","overlay-opacity":"","overlay-gradient":""},"tablet":{"background-color":"var(--ast-global-color-5)","background-image":"","background-repeat":"repeat","background-position":"center center","background-size":"auto","background-attachment":"scroll","background-type":"","background-media":"","overlay-type":"","overlay-color":"","overlay-opacity":"","overlay-gradient":""},"mobile":{"background-color":"var(--ast-global-color-5)","background-image":"","background-repeat":"repeat","background-position":"center center","background-size":"auto","background-attachment":"scroll","background-type":"","background-media":"","overlay-type":"","overlay-color":"","overlay-opacity":"","overlay-gradient":""}},"_jetpack_memberships_contains_paid_content":false,"footnotes":""},"categories":[271,2],"tags":[270],"class_list":["post-1102","post","type-post","status-publish","format-standard","has-post-thumbnail","hentry","category-tak","category-noticias","tag-boletim-tak"],"author_meta":{"display_name":"adm_casa","author_link":"https:\/\/poloniabrasil.org.br\/site\/author\/adm_casa\/"},"featured_img":"https:\/\/poloniabrasil.org.br\/site\/wp-content\/uploads\/2017\/05\/tak-1-300x200.jpg","jetpack_featured_media_url":"https:\/\/poloniabrasil.org.br\/site\/wp-content\/uploads\/2017\/05\/tak-1.jpg","coauthors":[],"tax_additional":{"categories":{"linked":["<a href=\"https:\/\/poloniabrasil.org.br\/site\/category\/tak\/\" class=\"advgb-post-tax-term\">Boletim Tak!<\/a>","<a href=\"https:\/\/poloniabrasil.org.br\/site\/category\/noticias\/\" class=\"advgb-post-tax-term\">Not\u00edcias<\/a>"],"unlinked":["<span class=\"advgb-post-tax-term\">Boletim Tak!<\/span>","<span class=\"advgb-post-tax-term\">Not\u00edcias<\/span>"]},"tags":{"linked":["<a href=\"https:\/\/poloniabrasil.org.br\/site\/category\/noticias\/\" class=\"advgb-post-tax-term\">Boletim Tak!<\/a>"],"unlinked":["<span class=\"advgb-post-tax-term\">Boletim Tak!<\/span>"]}},"comment_count":"0","relative_dates":{"created":"Publicado 9 anos atr\u00e1s","modified":"Atualizado 4 anos atr\u00e1s"},"absolute_dates":{"created":"Publicado em 6 de maio de 2017","modified":"Atualizado em 1 de julho de 2022"},"absolute_dates_time":{"created":"Publicado em 6 de maio de 2017 12:02","modified":"Atualizado em 1 de julho de 2022 10:02"},"featured_img_caption":"(Equipe da reda\u00e7\u00e3o - Foto: Kenzo Piekas Fukushima)","series_order":"","jetpack_sharing_enabled":true,"_links":{"self":[{"href":"https:\/\/poloniabrasil.org.br\/site\/wp-json\/wp\/v2\/posts\/1102","targetHints":{"allow":["GET"]}}],"collection":[{"href":"https:\/\/poloniabrasil.org.br\/site\/wp-json\/wp\/v2\/posts"}],"about":[{"href":"https:\/\/poloniabrasil.org.br\/site\/wp-json\/wp\/v2\/types\/post"}],"author":[{"embeddable":true,"href":"https:\/\/poloniabrasil.org.br\/site\/wp-json\/wp\/v2\/users\/1"}],"replies":[{"embeddable":true,"href":"https:\/\/poloniabrasil.org.br\/site\/wp-json\/wp\/v2\/comments?post=1102"}],"version-history":[{"count":2,"href":"https:\/\/poloniabrasil.org.br\/site\/wp-json\/wp\/v2\/posts\/1102\/revisions"}],"predecessor-version":[{"id":3028,"href":"https:\/\/poloniabrasil.org.br\/site\/wp-json\/wp\/v2\/posts\/1102\/revisions\/3028"}],"wp:featuredmedia":[{"embeddable":true,"href":"https:\/\/poloniabrasil.org.br\/site\/wp-json\/wp\/v2\/media\/1103"}],"wp:attachment":[{"href":"https:\/\/poloniabrasil.org.br\/site\/wp-json\/wp\/v2\/media?parent=1102"}],"wp:term":[{"taxonomy":"category","embeddable":true,"href":"https:\/\/poloniabrasil.org.br\/site\/wp-json\/wp\/v2\/categories?post=1102"},{"taxonomy":"post_tag","embeddable":true,"href":"https:\/\/poloniabrasil.org.br\/site\/wp-json\/wp\/v2\/tags?post=1102"}],"curies":[{"name":"wp","href":"https:\/\/api.w.org\/{rel}","templated":true}]}}