{"id":1071,"date":"2017-04-17T14:25:17","date_gmt":"2017-04-17T14:25:17","guid":{"rendered":"http:\/\/poloniabrasil.org.br\/?p=1071"},"modified":"2017-04-17T14:25:17","modified_gmt":"2017-04-17T14:25:17","slug":"casa-da-cultura-polonia-brasil-participa-do-festival-de-culturas-tradicionais-em-antonina-pr","status":"publish","type":"post","link":"https:\/\/poloniabrasil.org.br\/site\/2017\/04\/17\/casa-da-cultura-polonia-brasil-participa-do-festival-de-culturas-tradicionais-em-antonina-pr\/","title":{"rendered":"Casa da Cultura Pol\u00f4nia Brasil participa do Festival de Culturas Tradicionais em Antonina, PR."},"content":{"rendered":"<p><!--:pt--><a href=\"http:\/\/poloniabrasil.org.br\/wp-content\/uploads\/2017\/04\/festival-tradi\u00e7\u00f5es-cartaz.jpg\"><img loading=\"lazy\" decoding=\"async\" class=\"aligncenter size-full wp-image-1072\" src=\"http:\/\/poloniabrasil.org.br\/wp-content\/uploads\/2017\/04\/festival-tradi\u00e7\u00f5es-cartaz.jpg\" alt=\"festival tradi\u00e7\u00f5es cartaz\" width=\"1280\" height=\"720\" \/><\/a><\/p>\n<p>A convite de <em>Lia Marchi<\/em>\u00a0a <strong>Casa da Cultura Pol\u00f4nia Brasil<\/strong>, institui\u00e7\u00e3o polono-brasileira com sede em Curitiba, representar\u00e1 a comunidade polonesa no Festival de Culturas Tradicionais <strong>&#8220;Tocadores &#8211; Encontro de Tradi\u00e7\u00f5es&#8221;<\/strong> que acontece em Antonina, PR, de 20 a 22 de abril.<\/p>\n<p>Com curadoria de <em>Lia Marchi<\/em> e produ\u00e7\u00e3o da <em>LM Stein<\/em>, que assinam a dire\u00e7\u00e3o do evento em conjunto, o festival destacar\u00e1 algumas das express\u00f5es populares do Paran\u00e1 durante tr\u00eas dias de programa\u00e7\u00e3o gratuita na charmosa Antonina. Com realiza\u00e7\u00e3o da Olaria Projetos de Arte e Educa\u00e7\u00e3o o evento visa apresentar ao grande p\u00fablico um vibrante painel das variadas culturas e povos que comp\u00f5em o estado. Muita m\u00fasica, dan\u00e7a, artesanato, tudo num s\u00f3 lugar, na Pra\u00e7a Coronel Macedo, no Centro Hist\u00f3rico de Antonina.<\/p>\n<p>Segundo <em>Lia Marchi<\/em> \u201cEste \u00e9 um projeto antigo, fruto das minhas andan\u00e7as pelo Paran\u00e1 ao lado do produtor <em>LM Stein\u201d<\/em>. Os dois registraram tradi\u00e7\u00f5es do estado por 18 anos, revelando comunidades que vivem realidades paralelas, muitas delas isoladas, com dificuldade em mostrar suas culturas. O projeto foi viabilizado pela COPEL atrav\u00e9s do Programa Estadual de Fomento e Incentivo \u00e0 Cultura &#8211; PROFICE da Secretaria de Estado da Cultura do Paran\u00e1.<\/p>\n<p><a href=\"http:\/\/poloniabrasil.org.br\/wp-content\/uploads\/2017\/04\/festival-tradi\u00e7\u00f5es1.jpg\"><img loading=\"lazy\" decoding=\"async\" class=\"aligncenter size-full wp-image-1073\" src=\"http:\/\/poloniabrasil.org.br\/wp-content\/uploads\/2017\/04\/festival-tradi\u00e7\u00f5es1.jpg\" alt=\"festival tradi\u00e7\u00f5es1\" width=\"1280\" height=\"720\" \/><\/a><\/p>\n<p>A <strong>Casa da Cultura Pol\u00f4nia Brasil<\/strong> participar\u00e1 da feira de artesanato destinada aos mestres, comunidades, cooperativas e grupos populares, que levar\u00e3o sua produ\u00e7\u00e3o artesanal para que o p\u00fablico presente possa adquirir produtos e interagir com os artistas, artes\u00e3os e institui\u00e7\u00f5es presentes. Al\u00e9m dos produtos da <strong>CCPB<\/strong> que estar\u00e3o \u00e0 venda durante a feira, semi joias em formato de mandala com inspira\u00e7\u00e3o na <em>wicinanka<\/em>, arte popular polonesa de <em>Em\u00edlia Piaskowski<\/em>, \u00a0camisetas e echarpes exclusivas criadas a partir de obras da exposi\u00e7\u00e3o \u201cLendas Polonesas\u201d e publica\u00e7\u00e3o hom\u00f4nima, o visitante poder\u00e1 encontrar toalhas desfiadas \u00e0 m\u00e3o, bonequinhas confeccionadas com palha de milho e outros itens do artesanato feito pela comunidade polonesa de Curitiba e regi\u00e3o metropolitana.<\/p>\n<figure id=\"attachment_1074\" aria-describedby=\"caption-attachment-1074\" style=\"width: 1024px\" class=\"wp-caption aligncenter\"><a href=\"http:\/\/poloniabrasil.org.br\/wp-content\/uploads\/2017\/04\/17976479_409599542753324_1945788883_o.jpg\"><img loading=\"lazy\" decoding=\"async\" class=\"wp-image-1074 size-full\" src=\"http:\/\/poloniabrasil.org.br\/wp-content\/uploads\/2017\/04\/17976479_409599542753324_1945788883_o.jpg\" alt=\"17976479_409599542753324_1945788883_o\" width=\"1024\" height=\"1024\" \/><\/a><figcaption id=\"caption-attachment-1074\" class=\"wp-caption-text\">(Pe\u00e7as Atesanais &#8211; Fotos: Schirlei Freder)<\/figcaption><\/figure>\n<p>Para a presidente da <strong>Casa da Cultura Pol\u00f4nia Brasil<\/strong>, Sra. <em>Schirlei Freder<\/em>, poder participar de eventos como esses \u00e9 sempre gratificante, pois al\u00e9m de apresentar resultados do trabalho realizado ao longo dos \u00faltimos anos \u00e9 poss\u00edvel levar um pouco da cultura polonesa a outros p\u00fablicos, interagir com outros grupos e etnias cumprindo assim parte dos objetivos pelos quais a institui\u00e7\u00e3o tem trabalhado desde sua funda\u00e7\u00e3o em 2012.<\/p>\n<p>&nbsp;<\/p>\n<p><strong><span style=\"text-decoration: underline;\">Servi\u00e7o:<\/span><\/strong><\/p>\n<p><strong>Tocadores &#8211; Encontro de Tradi\u00e7\u00f5es<\/strong><\/p>\n<p>Data: <strong>20, 21 e 22 de abril <\/strong>&#8211; quinta-feira a s\u00e1bado<\/p>\n<p>Hor\u00e1rio: programa\u00e7\u00e3o das <strong>8h \u00e0s 21h<\/strong><\/p>\n<p>Atividades gratuitas abertas a todos os p\u00fablicos<\/p>\n<p>Endere\u00e7o: concentra\u00e7\u00e3o de atividades na Pra\u00e7a Coronel Macedo &#8211; Centro Hist\u00f3rico de Antonina<\/p>\n<p>Programa\u00e7\u00e3o completa em <a href=\"http:\/\/www.encontrodetradicoes.com.br\/programacao\">http:\/\/www.encontrodetradicoes.com.br\/programacao<\/a><\/p>\n<p>Para mais informa\u00e7\u00f5es: <a href=\"https:\/\/www.facebook.com\/encontrodetradicoes\/\">https:\/\/www.facebook.com\/encontrodetradicoes\/<\/a><\/p>\n<p style=\"text-align: center;\">***<\/p>\n<p><!--:--><\/p>\n","protected":false},"excerpt":{"rendered":"<p>A convite de Lia Marchi\u00a0a Casa da Cultura Pol\u00f4nia Brasil, institui\u00e7\u00e3o polono-brasileira com sede em Curitiba, representar\u00e1 a comunidade polonesa no Festival de Culturas Tradicionais &#8220;Tocadores &#8211; Encontro de Tradi\u00e7\u00f5es&#8221; que acontece em Antonina, PR, de 20 a 22 de abril. Com curadoria de Lia Marchi e produ\u00e7\u00e3o da LM Stein, que assinam a dire\u00e7\u00e3o [&hellip;]<\/p>\n","protected":false},"author":1,"featured_media":1074,"comment_status":"closed","ping_status":"closed","sticky":false,"template":"","format":"standard","meta":{"advgb_blocks_editor_width":"","advgb_blocks_columns_visual_guide":"","site-sidebar-layout":"default","site-content-layout":"","ast-site-content-layout":"","site-content-style":"default","site-sidebar-style":"default","ast-global-header-display":"","ast-banner-title-visibility":"","ast-main-header-display":"","ast-hfb-above-header-display":"","ast-hfb-below-header-display":"","ast-hfb-mobile-header-display":"","site-post-title":"","ast-breadcrumbs-content":"","ast-featured-img":"","footer-sml-layout":"","theme-transparent-header-meta":"","adv-header-id-meta":"","stick-header-meta":"","header-above-stick-meta":"","header-main-stick-meta":"","header-below-stick-meta":"","astra-migrate-meta-layouts":"default","ast-page-background-enabled":"default","ast-page-background-meta":{"desktop":{"background-color":"var(--ast-global-color-4)","background-image":"","background-repeat":"repeat","background-position":"center center","background-size":"auto","background-attachment":"scroll","background-type":"","background-media":"","overlay-type":"","overlay-color":"","overlay-opacity":"","overlay-gradient":""},"tablet":{"background-color":"","background-image":"","background-repeat":"repeat","background-position":"center center","background-size":"auto","background-attachment":"scroll","background-type":"","background-media":"","overlay-type":"","overlay-color":"","overlay-opacity":"","overlay-gradient":""},"mobile":{"background-color":"","background-image":"","background-repeat":"repeat","background-position":"center center","background-size":"auto","background-attachment":"scroll","background-type":"","background-media":"","overlay-type":"","overlay-color":"","overlay-opacity":"","overlay-gradient":""}},"ast-content-background-meta":{"desktop":{"background-color":"var(--ast-global-color-5)","background-image":"","background-repeat":"repeat","background-position":"center center","background-size":"auto","background-attachment":"scroll","background-type":"","background-media":"","overlay-type":"","overlay-color":"","overlay-opacity":"","overlay-gradient":""},"tablet":{"background-color":"var(--ast-global-color-5)","background-image":"","background-repeat":"repeat","background-position":"center center","background-size":"auto","background-attachment":"scroll","background-type":"","background-media":"","overlay-type":"","overlay-color":"","overlay-opacity":"","overlay-gradient":""},"mobile":{"background-color":"var(--ast-global-color-5)","background-image":"","background-repeat":"repeat","background-position":"center center","background-size":"auto","background-attachment":"scroll","background-type":"","background-media":"","overlay-type":"","overlay-color":"","overlay-opacity":"","overlay-gradient":""}},"_jetpack_memberships_contains_paid_content":false,"footnotes":""},"categories":[2],"tags":[258,10,76,259,260,261,262,263],"class_list":["post-1071","post","type-post","status-publish","format-standard","has-post-thumbnail","hentry","category-noticias","tag-antonina","tag-casa-da-cultura-polonia-brasil","tag-cultura-polonesa","tag-etnias","tag-feira-de-artesanato","tag-festival-de-tradicoes","tag-lia-marchi","tag-tocadores-encontro-de-tradicoes"],"author_meta":{"display_name":"adm_casa","author_link":"https:\/\/poloniabrasil.org.br\/site\/author\/adm_casa\/"},"featured_img":"https:\/\/poloniabrasil.org.br\/site\/wp-content\/uploads\/2017\/04\/17976479_409599542753324_1945788883_o-1-300x300.jpg","jetpack_featured_media_url":"https:\/\/poloniabrasil.org.br\/site\/wp-content\/uploads\/2017\/04\/17976479_409599542753324_1945788883_o-1.jpg","coauthors":[],"tax_additional":{"categories":{"linked":["<a href=\"https:\/\/poloniabrasil.org.br\/site\/category\/noticias\/\" class=\"advgb-post-tax-term\">Not\u00edcias<\/a>"],"unlinked":["<span class=\"advgb-post-tax-term\">Not\u00edcias<\/span>"]},"tags":{"linked":["<a href=\"https:\/\/poloniabrasil.org.br\/site\/category\/noticias\/\" class=\"advgb-post-tax-term\">Antonina<\/a>","<a href=\"https:\/\/poloniabrasil.org.br\/site\/category\/noticias\/\" class=\"advgb-post-tax-term\">Casa da Cultura Pol\u00f4nia Brasil<\/a>","<a href=\"https:\/\/poloniabrasil.org.br\/site\/category\/noticias\/\" class=\"advgb-post-tax-term\">Cultura Polonesa<\/a>","<a href=\"https:\/\/poloniabrasil.org.br\/site\/category\/noticias\/\" class=\"advgb-post-tax-term\">Etnias<\/a>","<a href=\"https:\/\/poloniabrasil.org.br\/site\/category\/noticias\/\" class=\"advgb-post-tax-term\">Feira de Artesanato<\/a>","<a href=\"https:\/\/poloniabrasil.org.br\/site\/category\/noticias\/\" class=\"advgb-post-tax-term\">Festival de Tradi\u00e7\u00f5es<\/a>","<a href=\"https:\/\/poloniabrasil.org.br\/site\/category\/noticias\/\" class=\"advgb-post-tax-term\">Lia Marchi<\/a>","<a href=\"https:\/\/poloniabrasil.org.br\/site\/category\/noticias\/\" class=\"advgb-post-tax-term\">Tocadores Encontro de Tradi\u00e7\u00f5es<\/a>"],"unlinked":["<span class=\"advgb-post-tax-term\">Antonina<\/span>","<span class=\"advgb-post-tax-term\">Casa da Cultura Pol\u00f4nia Brasil<\/span>","<span class=\"advgb-post-tax-term\">Cultura Polonesa<\/span>","<span class=\"advgb-post-tax-term\">Etnias<\/span>","<span class=\"advgb-post-tax-term\">Feira de Artesanato<\/span>","<span class=\"advgb-post-tax-term\">Festival de Tradi\u00e7\u00f5es<\/span>","<span class=\"advgb-post-tax-term\">Lia Marchi<\/span>","<span class=\"advgb-post-tax-term\">Tocadores Encontro de Tradi\u00e7\u00f5es<\/span>"]}},"comment_count":"0","relative_dates":{"created":"Publicado 9 anos atr\u00e1s","modified":"Atualizado 9 anos atr\u00e1s"},"absolute_dates":{"created":"Publicado em 17 de abril de 2017","modified":"Atualizado em 17 de abril de 2017"},"absolute_dates_time":{"created":"Publicado em 17 de abril de 2017 14:25","modified":"Atualizado em 17 de abril de 2017 14:25"},"featured_img_caption":"","series_order":"","jetpack_sharing_enabled":true,"_links":{"self":[{"href":"https:\/\/poloniabrasil.org.br\/site\/wp-json\/wp\/v2\/posts\/1071","targetHints":{"allow":["GET"]}}],"collection":[{"href":"https:\/\/poloniabrasil.org.br\/site\/wp-json\/wp\/v2\/posts"}],"about":[{"href":"https:\/\/poloniabrasil.org.br\/site\/wp-json\/wp\/v2\/types\/post"}],"author":[{"embeddable":true,"href":"https:\/\/poloniabrasil.org.br\/site\/wp-json\/wp\/v2\/users\/1"}],"replies":[{"embeddable":true,"href":"https:\/\/poloniabrasil.org.br\/site\/wp-json\/wp\/v2\/comments?post=1071"}],"version-history":[{"count":0,"href":"https:\/\/poloniabrasil.org.br\/site\/wp-json\/wp\/v2\/posts\/1071\/revisions"}],"wp:featuredmedia":[{"embeddable":true,"href":"https:\/\/poloniabrasil.org.br\/site\/wp-json\/wp\/v2\/media\/1074"}],"wp:attachment":[{"href":"https:\/\/poloniabrasil.org.br\/site\/wp-json\/wp\/v2\/media?parent=1071"}],"wp:term":[{"taxonomy":"category","embeddable":true,"href":"https:\/\/poloniabrasil.org.br\/site\/wp-json\/wp\/v2\/categories?post=1071"},{"taxonomy":"post_tag","embeddable":true,"href":"https:\/\/poloniabrasil.org.br\/site\/wp-json\/wp\/v2\/tags?post=1071"}],"curies":[{"name":"wp","href":"https:\/\/api.w.org\/{rel}","templated":true}]}}