{"id":1058,"date":"2017-04-06T17:22:11","date_gmt":"2017-04-06T17:22:11","guid":{"rendered":"http:\/\/poloniabrasil.org.br\/?p=1058"},"modified":"2017-04-06T17:22:11","modified_gmt":"2017-04-06T17:22:11","slug":"exposicao-surreal-polones-aos-olhos-da-arte-em-exibicao-na-casa-da-cultura-polonia-brasil","status":"publish","type":"post","link":"https:\/\/poloniabrasil.org.br\/site\/2017\/04\/06\/exposicao-surreal-polones-aos-olhos-da-arte-em-exibicao-na-casa-da-cultura-polonia-brasil\/","title":{"rendered":"Exposi\u00e7\u00e3o \u201cSurreal Polon\u00eas aos Olhos da Arte\u201d em exibi\u00e7\u00e3o na Casa da Cultura Pol\u00f4nia Brasil."},"content":{"rendered":"<p><!--:pt--><figure id=\"attachment_1059\" aria-describedby=\"caption-attachment-1059\" style=\"width: 1909px\" class=\"wp-caption aligncenter\"><a href=\"http:\/\/poloniabrasil.org.br\/wp-content\/uploads\/2017\/04\/4-pory-roku.jpg\"><img loading=\"lazy\" decoding=\"async\" class=\"wp-image-1059\" src=\"http:\/\/poloniabrasil.org.br\/wp-content\/uploads\/2017\/04\/4-pory-roku.jpg\" alt=\"(Obra &quot;Quatro Esta\u00e7\u00f5es&quot;, acr\u00edlica sobre tela de Everly Giller)\" width=\"1909\" height=\"1927\" \/><\/a><figcaption id=\"caption-attachment-1059\" class=\"wp-caption-text\">(Obra &#8220;Quatro Esta\u00e7\u00f5es&#8221;, acr\u00edlica sobre tela de Everly Giller)<\/figcaption><\/figure><\/p>\n<p>Em itiner\u00e2ncia desde 2016 quando foi inaugurada em Uni\u00e3o da Vit\u00f3ria, PR, a exposi\u00e7\u00e3o <strong>\u201cSurreal Polon\u00eas aos Olhos da Arte\u201d<\/strong> chega a Curitiba e ficar\u00e1 aberta ao p\u00fablico <strong>at\u00e9 26 de maio de 2017<\/strong> na Casa da Cultura Pol\u00f4nia Brasil.<\/p>\n<p>A exposi\u00e7\u00e3o aberta ao p\u00fablico no dia 31 de mar\u00e7o foi idealizada pela Prof.\u00aa e artista <em>Marisa M. Klobukoski Marcon<\/em>, com coordena\u00e7\u00e3o <em>de Ludmi\u0142a Paw\u0142owski<\/em>, professora de l\u00edngua polonesa e da aluna <em>Fernanda Strobino<\/em>\u00a0\u00e9 resultado de projeto viabilizado pelo Consulado Geral da Rep\u00fablica da Pol\u00f4nia em Curitiba e conta com o apoio, na capital paranaense, da <em>Casa da Cultura Pol\u00f4nia Brasil <\/em>e <em>Sociedade Polono-Brasileira Tadeusz Kosciuszko<\/em><em>.<\/em><\/p>\n<figure id=\"attachment_1061\" aria-describedby=\"caption-attachment-1061\" style=\"width: 603px\" class=\"wp-caption aligncenter\"><a href=\"http:\/\/poloniabrasil.org.br\/wp-content\/uploads\/2017\/04\/Surreal-Polon\u00eas-na-CCPB_1.jpg\"><img loading=\"lazy\" decoding=\"async\" class=\" wp-image-1061\" src=\"http:\/\/poloniabrasil.org.br\/wp-content\/uploads\/2017\/04\/Surreal-Polon\u00eas-na-CCPB_1.jpg\" alt=\"(Detalhes da Exposi\u00e7\u00e3o - Foto: Beatriz Kulinitz)\" width=\"603\" height=\"466\" \/><\/a><figcaption id=\"caption-attachment-1061\" class=\"wp-caption-text\">(Detalhes da Exposi\u00e7\u00e3o &#8211; Foto: Beatriz Kulinitz)<\/figcaption><\/figure>\n<p>As obras expostas pertencem ao acervo da <em>Associa\u00e7\u00e3o Cultural Polono-Brasileira Karol Wojtyla <\/em>de Uni\u00e3o da Vit\u00f3ria, PR. O projeto volunt\u00e1rio de pintura intitulado<strong> \u201cO surreal polon\u00eas aos olhos da arte&#8221;<\/strong> tem por objetivo a universaliza\u00e7\u00e3o do conhecimento sobre a Pol\u00f4nia.\u00a0 Por isso, cada um dos 22 artistas participantes escolheu um tema para an\u00e1lise criativa no contexto da Pol\u00f4nia, como religi\u00e3o, economia, pol\u00edtica, natureza, educa\u00e7\u00e3o, moda, amor, dan\u00e7a etc., entre eles est\u00e3o: <em>Aclair Helena Bailke, Ana In\u00eaz Schreineiner , Andr\u00e9 Brik, Claudio Boczon, Elaine Stankiwicz, Eloir Jr., Everly Giller, Felipe P\u00e9tola, Heliana Grudzien, Israel Checozzi, Izabel Liviski, Janete Azeredo, Juliana Kudlinski, Keh Michelotto, L\u00e9o Ferreira, M\u00e1rcia Sz\u00e9liga, Maria Salette Strobino, Mari In\u00eas Piekas, Marlon Bauer, Schirlei Freder, Simone Koubik <\/em>e <em>Ulisses Teixeira<\/em>.<\/p>\n<figure id=\"attachment_1062\" aria-describedby=\"caption-attachment-1062\" style=\"width: 773px\" class=\"wp-caption aligncenter\"><a href=\"http:\/\/poloniabrasil.org.br\/wp-content\/uploads\/2017\/04\/Abertura-Surreal-Polon\u00eas.jpg\"><img loading=\"lazy\" decoding=\"async\" class=\" wp-image-1062\" src=\"http:\/\/poloniabrasil.org.br\/wp-content\/uploads\/2017\/04\/Abertura-Surreal-Polon\u00eas.jpg\" alt=\"(Abertura da Exposi\u00e7\u00e3o &quot;Suerral Polon\u00eas aos Olhos da Arte&quot; - Foto: Carla Schwab)\" width=\"773\" height=\"580\" \/><\/a><figcaption id=\"caption-attachment-1062\" class=\"wp-caption-text\">(Abertura da Exposi\u00e7\u00e3o &#8220;Suerral Polon\u00eas aos Olhos da Arte&#8221; &#8211; Foto: Carla Schwab)<\/figcaption><\/figure>\n<p>Durante a abertura da exposi\u00e7\u00e3o estiveram presentes diretores e membros do conselho da <em>Casa da Cultura Pol\u00f4nia Brasil<\/em>, o C\u00f4nsul Geral da Rep\u00fablica da Pol\u00f4nia em Curitiba, o Sr. <em>Marek Makoswski<\/em>, a professora de l\u00edngua polonesa e coordenadora da mostra Sra. <em>Ludmila Pawlowski<\/em>, os representantes da <em>Associa\u00e7\u00e3o Cultural Polska-Braziliana Karol Wojty\u0142a<\/em>, al\u00e9m de representantes da comunidade polono-brasileira e do p\u00fablico em geral.<\/p>\n<p>Abordando os aspectos s\u00f3cio-culturais da Pol\u00f4nia e com inspira\u00e7\u00e3o no surrealismo, a exposi\u00e7\u00e3o em cartaz \u00e9 uma boa oportunidade para prestigiar obras dos v\u00e1rios artistas que por meio de trabalho volunt\u00e1rio somaram-se a projeto que visa a valoriza\u00e7\u00e3o e restaura\u00e7\u00e3o da cultura Polonesa deixada por seus antepassados.<\/p>\n<p>&nbsp;<\/p>\n<p><strong><span style=\"text-decoration: underline;\">Servi\u00e7o: <\/span><\/strong><\/p>\n<p>Exposi\u00e7\u00e3o\u00a0<strong>\u201cO surreal polon\u00eas aos olhos da arte\u201d<\/strong><\/p>\n<p>Onde: Casa da Cultura Pol\u00f4nia Brasil<\/p>\n<p>Rua: \u00c9bano Pereira, 502 \u2013 Centro \u2013 Curitiba \u2013 PR<\/p>\n<p>Quando: de 31 de mar\u00e7o a 26 de maio de 2017<\/p>\n<p>Entrada franca, livre para todos os p\u00fablicos<\/p>\n<p>Hor\u00e1rio: de segunda a sexta, das 14h \u00e0s 17h<\/p>\n<p>Para mais informa\u00e7\u00f5es, e-mail: <a href=\"mailto:contato@poloniabrasil.org.br\">contato@poloniabrasil.org.br<\/a> ou do fone (41) 3088-0708<\/p>\n<p style=\"text-align: center;\">\u00a0***<\/p>\n<p><!--:--><\/p>\n","protected":false},"excerpt":{"rendered":"<p>Em itiner\u00e2ncia desde 2016 quando foi inaugurada em Uni\u00e3o da Vit\u00f3ria, PR, a exposi\u00e7\u00e3o \u201cSurreal Polon\u00eas aos Olhos da Arte\u201d chega a Curitiba e ficar\u00e1 aberta ao p\u00fablico at\u00e9 26 de maio de 2017 na Casa da Cultura Pol\u00f4nia Brasil. A exposi\u00e7\u00e3o aberta ao p\u00fablico no dia 31 de mar\u00e7o foi idealizada pela Prof.\u00aa e [&hellip;]<\/p>\n","protected":false},"author":1,"featured_media":1059,"comment_status":"closed","ping_status":"closed","sticky":false,"template":"","format":"standard","meta":{"advgb_blocks_editor_width":"","advgb_blocks_columns_visual_guide":"","site-sidebar-layout":"default","site-content-layout":"","ast-site-content-layout":"","site-content-style":"default","site-sidebar-style":"default","ast-global-header-display":"","ast-banner-title-visibility":"","ast-main-header-display":"","ast-hfb-above-header-display":"","ast-hfb-below-header-display":"","ast-hfb-mobile-header-display":"","site-post-title":"","ast-breadcrumbs-content":"","ast-featured-img":"","footer-sml-layout":"","theme-transparent-header-meta":"","adv-header-id-meta":"","stick-header-meta":"","header-above-stick-meta":"","header-main-stick-meta":"","header-below-stick-meta":"","astra-migrate-meta-layouts":"default","ast-page-background-enabled":"default","ast-page-background-meta":{"desktop":{"background-color":"var(--ast-global-color-4)","background-image":"","background-repeat":"repeat","background-position":"center center","background-size":"auto","background-attachment":"scroll","background-type":"","background-media":"","overlay-type":"","overlay-color":"","overlay-opacity":"","overlay-gradient":""},"tablet":{"background-color":"","background-image":"","background-repeat":"repeat","background-position":"center center","background-size":"auto","background-attachment":"scroll","background-type":"","background-media":"","overlay-type":"","overlay-color":"","overlay-opacity":"","overlay-gradient":""},"mobile":{"background-color":"","background-image":"","background-repeat":"repeat","background-position":"center center","background-size":"auto","background-attachment":"scroll","background-type":"","background-media":"","overlay-type":"","overlay-color":"","overlay-opacity":"","overlay-gradient":""}},"ast-content-background-meta":{"desktop":{"background-color":"var(--ast-global-color-5)","background-image":"","background-repeat":"repeat","background-position":"center center","background-size":"auto","background-attachment":"scroll","background-type":"","background-media":"","overlay-type":"","overlay-color":"","overlay-opacity":"","overlay-gradient":""},"tablet":{"background-color":"var(--ast-global-color-5)","background-image":"","background-repeat":"repeat","background-position":"center center","background-size":"auto","background-attachment":"scroll","background-type":"","background-media":"","overlay-type":"","overlay-color":"","overlay-opacity":"","overlay-gradient":""},"mobile":{"background-color":"var(--ast-global-color-5)","background-image":"","background-repeat":"repeat","background-position":"center center","background-size":"auto","background-attachment":"scroll","background-type":"","background-media":"","overlay-type":"","overlay-color":"","overlay-opacity":"","overlay-gradient":""}},"_jetpack_memberships_contains_paid_content":false,"footnotes":""},"categories":[2],"tags":[256,10,54,188,20,257],"class_list":["post-1058","post","type-post","status-publish","format-standard","has-post-thumbnail","hentry","category-noticias","tag-artistas-brasileiros","tag-casa-da-cultura-polonia-brasil","tag-cultura","tag-eventos-culturais","tag-exposicao","tag-surreal-polones"],"author_meta":{"display_name":"adm_casa","author_link":"https:\/\/poloniabrasil.org.br\/site\/author\/adm_casa\/"},"featured_img":"https:\/\/poloniabrasil.org.br\/site\/wp-content\/uploads\/2017\/04\/4-pory-roku-1-297x300.jpg","jetpack_featured_media_url":"https:\/\/poloniabrasil.org.br\/site\/wp-content\/uploads\/2017\/04\/4-pory-roku-1.jpg","coauthors":[],"tax_additional":{"categories":{"linked":["<a href=\"https:\/\/poloniabrasil.org.br\/site\/category\/noticias\/\" class=\"advgb-post-tax-term\">Not\u00edcias<\/a>"],"unlinked":["<span class=\"advgb-post-tax-term\">Not\u00edcias<\/span>"]},"tags":{"linked":["<a href=\"https:\/\/poloniabrasil.org.br\/site\/category\/noticias\/\" class=\"advgb-post-tax-term\">Artistas Brasileiros<\/a>","<a href=\"https:\/\/poloniabrasil.org.br\/site\/category\/noticias\/\" class=\"advgb-post-tax-term\">Casa da Cultura Pol\u00f4nia Brasil<\/a>","<a href=\"https:\/\/poloniabrasil.org.br\/site\/category\/noticias\/\" class=\"advgb-post-tax-term\">Cultura<\/a>","<a href=\"https:\/\/poloniabrasil.org.br\/site\/category\/noticias\/\" class=\"advgb-post-tax-term\">Eventos Culturais<\/a>","<a href=\"https:\/\/poloniabrasil.org.br\/site\/category\/noticias\/\" class=\"advgb-post-tax-term\">Exposi\u00e7\u00e3o<\/a>","<a href=\"https:\/\/poloniabrasil.org.br\/site\/category\/noticias\/\" class=\"advgb-post-tax-term\">Surreal Polon\u00eas<\/a>"],"unlinked":["<span class=\"advgb-post-tax-term\">Artistas Brasileiros<\/span>","<span class=\"advgb-post-tax-term\">Casa da Cultura Pol\u00f4nia Brasil<\/span>","<span class=\"advgb-post-tax-term\">Cultura<\/span>","<span class=\"advgb-post-tax-term\">Eventos Culturais<\/span>","<span class=\"advgb-post-tax-term\">Exposi\u00e7\u00e3o<\/span>","<span class=\"advgb-post-tax-term\">Surreal Polon\u00eas<\/span>"]}},"comment_count":"0","relative_dates":{"created":"Publicado 9 anos atr\u00e1s","modified":"Atualizado 9 anos atr\u00e1s"},"absolute_dates":{"created":"Publicado em 6 de abril de 2017","modified":"Atualizado em 6 de abril de 2017"},"absolute_dates_time":{"created":"Publicado em 6 de abril de 2017 17:22","modified":"Atualizado em 6 de abril de 2017 17:22"},"featured_img_caption":"(Obra \"4 Pory Roku\", \u00f3leo sobre tela de Everly Giller)","series_order":"","jetpack_sharing_enabled":true,"_links":{"self":[{"href":"https:\/\/poloniabrasil.org.br\/site\/wp-json\/wp\/v2\/posts\/1058","targetHints":{"allow":["GET"]}}],"collection":[{"href":"https:\/\/poloniabrasil.org.br\/site\/wp-json\/wp\/v2\/posts"}],"about":[{"href":"https:\/\/poloniabrasil.org.br\/site\/wp-json\/wp\/v2\/types\/post"}],"author":[{"embeddable":true,"href":"https:\/\/poloniabrasil.org.br\/site\/wp-json\/wp\/v2\/users\/1"}],"replies":[{"embeddable":true,"href":"https:\/\/poloniabrasil.org.br\/site\/wp-json\/wp\/v2\/comments?post=1058"}],"version-history":[{"count":0,"href":"https:\/\/poloniabrasil.org.br\/site\/wp-json\/wp\/v2\/posts\/1058\/revisions"}],"wp:featuredmedia":[{"embeddable":true,"href":"https:\/\/poloniabrasil.org.br\/site\/wp-json\/wp\/v2\/media\/1059"}],"wp:attachment":[{"href":"https:\/\/poloniabrasil.org.br\/site\/wp-json\/wp\/v2\/media?parent=1058"}],"wp:term":[{"taxonomy":"category","embeddable":true,"href":"https:\/\/poloniabrasil.org.br\/site\/wp-json\/wp\/v2\/categories?post=1058"},{"taxonomy":"post_tag","embeddable":true,"href":"https:\/\/poloniabrasil.org.br\/site\/wp-json\/wp\/v2\/tags?post=1058"}],"curies":[{"name":"wp","href":"https:\/\/api.w.org\/{rel}","templated":true}]}}