{"id":1054,"date":"2017-03-31T21:00:55","date_gmt":"2017-03-31T21:00:55","guid":{"rendered":"http:\/\/poloniabrasil.org.br\/?p=1054"},"modified":"2017-03-31T21:00:55","modified_gmt":"2017-03-31T21:00:55","slug":"a-5a-edicao-da-feira-de-arte-e-cultura-da-casa-da-cultura-polonia-brasil-ja-tem-data","status":"publish","type":"post","link":"https:\/\/poloniabrasil.org.br\/site\/2017\/03\/31\/a-5a-edicao-da-feira-de-arte-e-cultura-da-casa-da-cultura-polonia-brasil-ja-tem-data\/","title":{"rendered":"A 5\u00aa edi\u00e7\u00e3o da Feira de Arte e Cultura da Casa da Cultura Pol\u00f4nia Brasil j\u00e1 tem data."},"content":{"rendered":"<p><!--:pt--><figure id=\"attachment_1055\" aria-describedby=\"caption-attachment-1055\" style=\"width: 683px\" class=\"wp-caption aligncenter\"><a href=\"http:\/\/poloniabrasil.org.br\/wp-content\/uploads\/2017\/04\/af_post-face-pascoa.png\"><img loading=\"lazy\" decoding=\"async\" class=\"wp-image-1055 \" src=\"http:\/\/poloniabrasil.org.br\/wp-content\/uploads\/2017\/04\/af_post-face-pascoa.png\" alt=\"(Arte: Nexo Design)\" width=\"683\" height=\"683\" \/><\/a><figcaption id=\"caption-attachment-1055\" class=\"wp-caption-text\">(Arte: Nexo Design)<\/figcaption><\/figure><\/p>\n<p>A P\u00e1scoa \u00e9 uma data muito importante na cultura polonesa e muito comemorada por poloneses e descentes no mundo todo, inclusive em Curitiba, segunda cidade depois de Chicago (EUA) em n\u00famero de imigrantes e descentes no mundo, por isso o tema desta <strong>V Feira de Arte e Cultura<\/strong> n\u00e3o poderia ser outra.<\/p>\n<p>A <strong>Casa da Cultura Pol\u00f4nia-Brasil<\/strong>, fundada em 2012, com sede em Curitiba, \u00e9 uma associa\u00e7\u00e3o sem fins lucrativos que tem a miss\u00e3o de promover a arte e a cultura polono-brasileira. A entidade tem buscado meios para manter suas atividades e umas das formas encontradas \u00e9 a realiza\u00e7\u00e3o das Feiras de Arte e Cultura ao longo de todo o ano.<\/p>\n<p>A pr\u00f3xima edi\u00e7\u00e3o da Feira de Arte e Cultura que acontece no <strong>domingo 9 de abril das 9h00 as 16h00<\/strong>\u00a0na CCPB, \u00e0 Rua \u00c9bano Pereira, 502 no Centro de Curitiba, trar\u00e1 diversos trabalhos de artistas e artes\u00e3os de Curitiba e regi\u00e3o al\u00e9m de pe\u00e7as com tema de P\u00e1scoa, conta com o apoio do C<em>onsulado Geral da Rep\u00fablica da Pol\u00f4nia em Curitiba<\/em>, da <em>Sociedade Polono-Brasileira Tadeusz Kosciuszko<\/em> e <em>Nexo Design<\/em>.<\/p>\n<p>Venha passar um domingo diferente com a fam\u00edlia e amigos e aproveite para conhecer um pouco mais da cultura polonesa no cora\u00e7\u00e3o de Curitiba.<\/p>\n<p><em>Zapraszamy!<\/em><\/p>\n<p>&nbsp;<\/p>\n<p><strong><span style=\"text-decoration: underline;\">Servi\u00e7o:<\/span><\/strong><\/p>\n<p><strong>V Feira de Arte e Cultura<\/strong><\/p>\n<p>Onde: Casa da Cultura Pol\u00f4nia Brasil<\/p>\n<p>Rua \u00c9bano Pereira, 502 \u2013 Centro \u2013 Curitiba \u2013 PR (esquina com a Rua Kellers)<\/p>\n<p>Quando: <strong>Dia 09 de abril de 2017 das 9h00 \u00e0s 16h00<\/strong><\/p>\n<p>Mais informa\u00e7\u00f5es atrav\u00e9s do e-mail: <a href=\"mailto:contrado@poloniabrasil.org,br\">contato@poloniabrasil.org,br<\/a> \u2013 Fone: (41) 3088-0708<\/p>\n<p style=\"text-align: center;\">***<\/p>\n<p>&nbsp;<!--:--><\/p>\n","protected":false},"excerpt":{"rendered":"<p>A P\u00e1scoa \u00e9 uma data muito importante na cultura polonesa e muito comemorada por poloneses e descentes no mundo todo, inclusive em Curitiba, segunda cidade depois de Chicago (EUA) em n\u00famero de imigrantes e descentes no mundo, por isso o tema desta V Feira de Arte e Cultura n\u00e3o poderia ser outra. A Casa da [&hellip;]<\/p>\n","protected":false},"author":1,"featured_media":1055,"comment_status":"closed","ping_status":"closed","sticky":false,"template":"","format":"standard","meta":{"advgb_blocks_editor_width":"","advgb_blocks_columns_visual_guide":"","site-sidebar-layout":"default","site-content-layout":"","ast-site-content-layout":"","site-content-style":"default","site-sidebar-style":"default","ast-global-header-display":"","ast-banner-title-visibility":"","ast-main-header-display":"","ast-hfb-above-header-display":"","ast-hfb-below-header-display":"","ast-hfb-mobile-header-display":"","site-post-title":"","ast-breadcrumbs-content":"","ast-featured-img":"","footer-sml-layout":"","theme-transparent-header-meta":"","adv-header-id-meta":"","stick-header-meta":"","header-above-stick-meta":"","header-main-stick-meta":"","header-below-stick-meta":"","astra-migrate-meta-layouts":"default","ast-page-background-enabled":"default","ast-page-background-meta":{"desktop":{"background-color":"var(--ast-global-color-4)","background-image":"","background-repeat":"repeat","background-position":"center center","background-size":"auto","background-attachment":"scroll","background-type":"","background-media":"","overlay-type":"","overlay-color":"","overlay-opacity":"","overlay-gradient":""},"tablet":{"background-color":"","background-image":"","background-repeat":"repeat","background-position":"center center","background-size":"auto","background-attachment":"scroll","background-type":"","background-media":"","overlay-type":"","overlay-color":"","overlay-opacity":"","overlay-gradient":""},"mobile":{"background-color":"","background-image":"","background-repeat":"repeat","background-position":"center center","background-size":"auto","background-attachment":"scroll","background-type":"","background-media":"","overlay-type":"","overlay-color":"","overlay-opacity":"","overlay-gradient":""}},"ast-content-background-meta":{"desktop":{"background-color":"var(--ast-global-color-5)","background-image":"","background-repeat":"repeat","background-position":"center center","background-size":"auto","background-attachment":"scroll","background-type":"","background-media":"","overlay-type":"","overlay-color":"","overlay-opacity":"","overlay-gradient":""},"tablet":{"background-color":"var(--ast-global-color-5)","background-image":"","background-repeat":"repeat","background-position":"center center","background-size":"auto","background-attachment":"scroll","background-type":"","background-media":"","overlay-type":"","overlay-color":"","overlay-opacity":"","overlay-gradient":""},"mobile":{"background-color":"var(--ast-global-color-5)","background-image":"","background-repeat":"repeat","background-position":"center center","background-size":"auto","background-attachment":"scroll","background-type":"","background-media":"","overlay-type":"","overlay-color":"","overlay-opacity":"","overlay-gradient":""}},"_jetpack_memberships_contains_paid_content":false,"footnotes":""},"categories":[2],"tags":[159,73,220,74,148],"class_list":["post-1054","post","type-post","status-publish","format-standard","has-post-thumbnail","hentry","category-noticias","tag-arte","tag-artesanato","tag-ccpb","tag-feira-de-arte-e-cultura","tag-pascoa"],"author_meta":{"display_name":"adm_casa","author_link":"https:\/\/poloniabrasil.org.br\/site\/author\/adm_casa\/"},"featured_img":"https:\/\/poloniabrasil.org.br\/site\/wp-content\/uploads\/2017\/04\/af_post-face-pascoa-1-300x300.png","jetpack_featured_media_url":"https:\/\/poloniabrasil.org.br\/site\/wp-content\/uploads\/2017\/04\/af_post-face-pascoa-1.png","coauthors":[],"tax_additional":{"categories":{"linked":["<a href=\"https:\/\/poloniabrasil.org.br\/site\/category\/noticias\/\" class=\"advgb-post-tax-term\">Not\u00edcias<\/a>"],"unlinked":["<span class=\"advgb-post-tax-term\">Not\u00edcias<\/span>"]},"tags":{"linked":["<a href=\"https:\/\/poloniabrasil.org.br\/site\/category\/noticias\/\" class=\"advgb-post-tax-term\">Arte<\/a>","<a href=\"https:\/\/poloniabrasil.org.br\/site\/category\/noticias\/\" class=\"advgb-post-tax-term\">Artesanato<\/a>","<a href=\"https:\/\/poloniabrasil.org.br\/site\/category\/noticias\/\" class=\"advgb-post-tax-term\">CCPB<\/a>","<a href=\"https:\/\/poloniabrasil.org.br\/site\/category\/noticias\/\" class=\"advgb-post-tax-term\">Feira de Arte e Cultura<\/a>","<a href=\"https:\/\/poloniabrasil.org.br\/site\/category\/noticias\/\" class=\"advgb-post-tax-term\">P\u00e1scoa<\/a>"],"unlinked":["<span class=\"advgb-post-tax-term\">Arte<\/span>","<span class=\"advgb-post-tax-term\">Artesanato<\/span>","<span class=\"advgb-post-tax-term\">CCPB<\/span>","<span class=\"advgb-post-tax-term\">Feira de Arte e Cultura<\/span>","<span class=\"advgb-post-tax-term\">P\u00e1scoa<\/span>"]}},"comment_count":"0","relative_dates":{"created":"Publicado 9 anos atr\u00e1s","modified":"Atualizado 9 anos atr\u00e1s"},"absolute_dates":{"created":"Publicado em 31 de mar\u00e7o de 2017","modified":"Atualizado em 31 de mar\u00e7o de 2017"},"absolute_dates_time":{"created":"Publicado em 31 de mar\u00e7o de 2017 21:00","modified":"Atualizado em 31 de mar\u00e7o de 2017 21:00"},"featured_img_caption":"(Arte: Nexo Design)","series_order":"","jetpack_sharing_enabled":true,"_links":{"self":[{"href":"https:\/\/poloniabrasil.org.br\/site\/wp-json\/wp\/v2\/posts\/1054","targetHints":{"allow":["GET"]}}],"collection":[{"href":"https:\/\/poloniabrasil.org.br\/site\/wp-json\/wp\/v2\/posts"}],"about":[{"href":"https:\/\/poloniabrasil.org.br\/site\/wp-json\/wp\/v2\/types\/post"}],"author":[{"embeddable":true,"href":"https:\/\/poloniabrasil.org.br\/site\/wp-json\/wp\/v2\/users\/1"}],"replies":[{"embeddable":true,"href":"https:\/\/poloniabrasil.org.br\/site\/wp-json\/wp\/v2\/comments?post=1054"}],"version-history":[{"count":0,"href":"https:\/\/poloniabrasil.org.br\/site\/wp-json\/wp\/v2\/posts\/1054\/revisions"}],"wp:featuredmedia":[{"embeddable":true,"href":"https:\/\/poloniabrasil.org.br\/site\/wp-json\/wp\/v2\/media\/1055"}],"wp:attachment":[{"href":"https:\/\/poloniabrasil.org.br\/site\/wp-json\/wp\/v2\/media?parent=1054"}],"wp:term":[{"taxonomy":"category","embeddable":true,"href":"https:\/\/poloniabrasil.org.br\/site\/wp-json\/wp\/v2\/categories?post=1054"},{"taxonomy":"post_tag","embeddable":true,"href":"https:\/\/poloniabrasil.org.br\/site\/wp-json\/wp\/v2\/tags?post=1054"}],"curies":[{"name":"wp","href":"https:\/\/api.w.org\/{rel}","templated":true}]}}