{"id":1045,"date":"2017-03-21T15:38:51","date_gmt":"2017-03-21T15:38:51","guid":{"rendered":"http:\/\/poloniabrasil.org.br\/?p=1045"},"modified":"2017-03-21T15:38:51","modified_gmt":"2017-03-21T15:38:51","slug":"ecomuseu-da-itaipu-recebe-a-exposicao-meu-coracao-de-polaco-voltou","status":"publish","type":"post","link":"https:\/\/poloniabrasil.org.br\/site\/2017\/03\/21\/ecomuseu-da-itaipu-recebe-a-exposicao-meu-coracao-de-polaco-voltou\/","title":{"rendered":"Ecomuseu da Itaipu recebe a exposi\u00e7\u00e3o \u201cMeu Cora\u00e7\u00e3o de Polaco Voltou\u201d."},"content":{"rendered":"<p><!--:pt-->&nbsp;<\/p>\n<figure id=\"attachment_1047\" aria-describedby=\"caption-attachment-1047\" style=\"width: 609px\" class=\"wp-caption aligncenter\"><a href=\"http:\/\/poloniabrasil.org.br\/wp-content\/uploads\/2017\/03\/Ecomuseu_Jos\u00e9-Vieira_2017.png\"><img loading=\"lazy\" decoding=\"async\" class=\"wp-image-1047\" src=\"http:\/\/poloniabrasil.org.br\/wp-content\/uploads\/2017\/03\/Ecomuseu_Jos\u00e9-Vieira_2017.png\" alt=\"(Foto: Jos\u00e9 Vieira)\" width=\"609\" height=\"401\" \/><\/a><figcaption id=\"caption-attachment-1047\" class=\"wp-caption-text\">(Foto: Jos\u00e9 Vieira)<\/figcaption><\/figure>\n<p>A exposi\u00e7\u00e3o que conta com o patroc\u00ednio da<strong> Itaipu<\/strong> e o apoio do <strong>Consulado Geral da Pol\u00f4nia em Curitiba <\/strong>desde seu lan\u00e7amento, explora a origem e a influ\u00eancia polonesa na obra do escritor curitibano Paulo Leminski e faz um recorte hist\u00f3rico atrav\u00e9s da genealogia da fam\u00edlia. S\u00e3o documentos originais e pain\u00e9is destacando mem\u00f3rias hist\u00f3ricas e aspectos da obra do autor que demonstram suas ra\u00edzes eslavas e apresenta tamb\u00e9m um trecho do document\u00e1rio \u201cVida e Sangue de Polaco\u201d do premiado diretor Sylvio Back.<\/p>\n<figure id=\"attachment_1048\" aria-describedby=\"caption-attachment-1048\" style=\"width: 618px\" class=\"wp-caption aligncenter\"><a href=\"http:\/\/poloniabrasil.org.br\/wp-content\/uploads\/2017\/03\/MCPV_Ecomuseu_Jos\u00e9-Vieira.jpg\"><img loading=\"lazy\" decoding=\"async\" class=\"wp-image-1048 size-large\" src=\"http:\/\/poloniabrasil.org.br\/wp-content\/uploads\/2017\/03\/MCPV_Ecomuseu_Jos\u00e9-Vieira-1024x664.jpg\" alt=\"(Fotos: Jos\u00e9 Vieira)\" width=\"618\" height=\"401\" \/><\/a><figcaption id=\"caption-attachment-1048\" class=\"wp-caption-text\">(Fotos: Jos\u00e9 Vieira)<\/figcaption><\/figure>\n<p>Com curadoria das filhas Aurea e Estrela Leminski a exposi\u00e7\u00e3o que foi inaugurada no \u00faltimo dia 8, e estar\u00e1 aberta ao p\u00fablico at\u00e9 30 de setembro, contou com a presen\u00e7a da Fam\u00edlia Leminski, da presidente da Casa da Cultura Pol\u00f4nia Brasil, Sra. Schirlei M. Freder, do Sr. Consul Geral da Pol\u00f4nia em Curitiba, o Sr. Marek Makoviski, do ent\u00e3o diretor da Itaipu Binacional Jorge Samek e demais autoridades, al\u00e9m de toda equipe do projeto, imprensa local, funcion\u00e1rios da Itaipu e grande p\u00fablico.<\/p>\n<figure id=\"attachment_1049\" aria-describedby=\"caption-attachment-1049\" style=\"width: 618px\" class=\"wp-caption aligncenter\"><a href=\"http:\/\/poloniabrasil.org.br\/wp-content\/uploads\/2017\/03\/Abertura-MCPV_Ecomuseu_Meg-Mamede.jpg\"><img loading=\"lazy\" decoding=\"async\" class=\"wp-image-1049 size-large\" src=\"http:\/\/poloniabrasil.org.br\/wp-content\/uploads\/2017\/03\/Abertura-MCPV_Ecomuseu_Meg-Mamede-1024x644.jpg\" alt=\"(Foto: Meg Mamede)\" width=\"618\" height=\"389\" \/><\/a><figcaption id=\"caption-attachment-1049\" class=\"wp-caption-text\">(Foto: Meg Mamede)<\/figcaption><\/figure>\n<p>Segundo a Itaipu \u201ca exposi\u00e7\u00e3o \u2018Meu Cora\u00e7\u00e3o de Polaco Voltou\u2019 marca o retorno de Paulo Leminski \u00e0 institui\u00e7\u00e3o\u201d que em 2013 teve uma visita\u00e7\u00e3o recorde de cerca de 130 mil pessoas com a exposi\u00e7\u00e3o \u201cM\u00faltiplo Leminski\u201d. Para os realizadores, poder levar o projeto para o Ecomuseu da Itaipu na cidade Foz do Igua\u00e7u, para um espa\u00e7o com grande fluxo de visita\u00e7\u00e3o nacional e internacional, \u00e9 uma grande alegria. Esta a\u00e7\u00e3o contempla a t\u00e3o desejada democratiza\u00e7\u00e3o da cultura e alcan\u00e7a outros p\u00fablicos, para al\u00e9m da comunidade polono-brasileira j\u00e1 atendida pelas atividades que a Casa da Cultura Pol\u00f4nia Brasil realiza em Curitiba e outras cidades do Paran\u00e1 desde sua funda\u00e7\u00e3o em 2012.<\/p>\n<p>Na noite de 8 de mar\u00e7o na qual se comemorou o \u201cDia Internacional da Mulher\u201d o Ecomuseu da Itaipu inaugurou simultaneamente as exposi\u00e7\u00f5es \u201cPoeta Alice\u201d e \u201cMeu Cora\u00e7\u00e3o de Polaco Voltou\u201d numa simbiose po\u00e9tica, onde o que prevaleceu foi a arte e a alegria do encontro, ocasi\u00e3o na qual a poeta Alice Ruiz, convidada de honra, foi homenageada por todos os presentes.<\/p>\n<p>&nbsp;<\/p>\n<p><strong><span style=\"text-decoration: underline;\">Servi\u00e7o<\/span><\/strong><\/p>\n<p>O que: Exposi\u00e7\u00f5es <strong>&#8220;Meu Cora\u00e7\u00e3o de Polaco Voltou&#8221;<\/strong> e <strong>\u201cPoeta Alice\u201d<\/strong><\/p>\n<p>Onde: Ecomuseu de Itaipu, em Foz do Igua\u00e7u \u2013 PR.<\/p>\n<p>Quando: de 8 de mar\u00e7o a 30 de setembro<\/p>\n<p>Quanto: R$ 12 (moradores dos munic\u00edpios vizinhos ao Lago de Itaipu n\u00e3o pagam)<\/p>\n<p>Hor\u00e1rio: de ter\u00e7a a domingo, das 8h \u00e0s 17h<\/p>\n<p>Mais informa\u00e7\u00f5es: <a href=\"http:\/\/www.turismoitaipu.com.br\">www.turismoitaipu.com.br<\/a><\/p>\n<p style=\"text-align: center;\">***<\/p>\n<p><!--:--><\/p>\n","protected":false},"excerpt":{"rendered":"<p>&nbsp; A exposi\u00e7\u00e3o que conta com o patroc\u00ednio da Itaipu e o apoio do Consulado Geral da Pol\u00f4nia em Curitiba desde seu lan\u00e7amento, explora a origem e a influ\u00eancia polonesa na obra do escritor curitibano Paulo Leminski e faz um recorte hist\u00f3rico atrav\u00e9s da genealogia da fam\u00edlia. S\u00e3o documentos originais e pain\u00e9is destacando mem\u00f3rias hist\u00f3ricas [&hellip;]<\/p>\n","protected":false},"author":1,"featured_media":1047,"comment_status":"closed","ping_status":"closed","sticky":false,"template":"","format":"standard","meta":{"advgb_blocks_editor_width":"","advgb_blocks_columns_visual_guide":"","site-sidebar-layout":"default","site-content-layout":"","ast-site-content-layout":"","site-content-style":"default","site-sidebar-style":"default","ast-global-header-display":"","ast-banner-title-visibility":"","ast-main-header-display":"","ast-hfb-above-header-display":"","ast-hfb-below-header-display":"","ast-hfb-mobile-header-display":"","site-post-title":"","ast-breadcrumbs-content":"","ast-featured-img":"","footer-sml-layout":"","theme-transparent-header-meta":"","adv-header-id-meta":"","stick-header-meta":"","header-above-stick-meta":"","header-main-stick-meta":"","header-below-stick-meta":"","astra-migrate-meta-layouts":"default","ast-page-background-enabled":"default","ast-page-background-meta":{"desktop":{"background-color":"var(--ast-global-color-4)","background-image":"","background-repeat":"repeat","background-position":"center center","background-size":"auto","background-attachment":"scroll","background-type":"","background-media":"","overlay-type":"","overlay-color":"","overlay-opacity":"","overlay-gradient":""},"tablet":{"background-color":"","background-image":"","background-repeat":"repeat","background-position":"center center","background-size":"auto","background-attachment":"scroll","background-type":"","background-media":"","overlay-type":"","overlay-color":"","overlay-opacity":"","overlay-gradient":""},"mobile":{"background-color":"","background-image":"","background-repeat":"repeat","background-position":"center center","background-size":"auto","background-attachment":"scroll","background-type":"","background-media":"","overlay-type":"","overlay-color":"","overlay-opacity":"","overlay-gradient":""}},"ast-content-background-meta":{"desktop":{"background-color":"var(--ast-global-color-5)","background-image":"","background-repeat":"repeat","background-position":"center center","background-size":"auto","background-attachment":"scroll","background-type":"","background-media":"","overlay-type":"","overlay-color":"","overlay-opacity":"","overlay-gradient":""},"tablet":{"background-color":"var(--ast-global-color-5)","background-image":"","background-repeat":"repeat","background-position":"center center","background-size":"auto","background-attachment":"scroll","background-type":"","background-media":"","overlay-type":"","overlay-color":"","overlay-opacity":"","overlay-gradient":""},"mobile":{"background-color":"var(--ast-global-color-5)","background-image":"","background-repeat":"repeat","background-position":"center center","background-size":"auto","background-attachment":"scroll","background-type":"","background-media":"","overlay-type":"","overlay-color":"","overlay-opacity":"","overlay-gradient":""}},"_jetpack_memberships_contains_paid_content":false,"footnotes":""},"categories":[2,7],"tags":[252,10,253,254,255,23],"class_list":["post-1045","post","type-post","status-publish","format-standard","has-post-thumbnail","hentry","category-noticias","category-projetos-e-iniciativas","tag-alice-ruiz","tag-casa-da-cultura-polonia-brasil","tag-ecomuseu","tag-foz-do-iguacu","tag-itaipu","tag-paulo-leminski"],"author_meta":{"display_name":"adm_casa","author_link":"https:\/\/poloniabrasil.org.br\/site\/author\/adm_casa\/"},"featured_img":"https:\/\/poloniabrasil.org.br\/site\/wp-content\/uploads\/2017\/03\/Ecomuseu_Jose-Vieira_2017-300x198.png","jetpack_featured_media_url":"https:\/\/poloniabrasil.org.br\/site\/wp-content\/uploads\/2017\/03\/Ecomuseu_Jose-Vieira_2017.png","coauthors":[],"tax_additional":{"categories":{"linked":["<a href=\"https:\/\/poloniabrasil.org.br\/site\/category\/noticias\/\" class=\"advgb-post-tax-term\">Not\u00edcias<\/a>","<a href=\"https:\/\/poloniabrasil.org.br\/site\/category\/projetos-e-iniciativas\/\" class=\"advgb-post-tax-term\">Projetos e Iniciativas<\/a>"],"unlinked":["<span class=\"advgb-post-tax-term\">Not\u00edcias<\/span>","<span class=\"advgb-post-tax-term\">Projetos e Iniciativas<\/span>"]},"tags":{"linked":["<a href=\"https:\/\/poloniabrasil.org.br\/site\/category\/projetos-e-iniciativas\/\" class=\"advgb-post-tax-term\">Alice Ruiz<\/a>","<a href=\"https:\/\/poloniabrasil.org.br\/site\/category\/projetos-e-iniciativas\/\" class=\"advgb-post-tax-term\">Casa da Cultura Pol\u00f4nia Brasil<\/a>","<a href=\"https:\/\/poloniabrasil.org.br\/site\/category\/projetos-e-iniciativas\/\" class=\"advgb-post-tax-term\">Ecomuseu<\/a>","<a href=\"https:\/\/poloniabrasil.org.br\/site\/category\/projetos-e-iniciativas\/\" class=\"advgb-post-tax-term\">Foz do Igua\u00e7u<\/a>","<a href=\"https:\/\/poloniabrasil.org.br\/site\/category\/projetos-e-iniciativas\/\" class=\"advgb-post-tax-term\">Itaipu<\/a>","<a href=\"https:\/\/poloniabrasil.org.br\/site\/category\/projetos-e-iniciativas\/\" class=\"advgb-post-tax-term\">Paulo Leminski<\/a>"],"unlinked":["<span class=\"advgb-post-tax-term\">Alice Ruiz<\/span>","<span class=\"advgb-post-tax-term\">Casa da Cultura Pol\u00f4nia Brasil<\/span>","<span class=\"advgb-post-tax-term\">Ecomuseu<\/span>","<span class=\"advgb-post-tax-term\">Foz do Igua\u00e7u<\/span>","<span class=\"advgb-post-tax-term\">Itaipu<\/span>","<span class=\"advgb-post-tax-term\">Paulo Leminski<\/span>"]}},"comment_count":"0","relative_dates":{"created":"Publicado 9 anos atr\u00e1s","modified":"Atualizado 9 anos atr\u00e1s"},"absolute_dates":{"created":"Publicado em 21 de mar\u00e7o de 2017","modified":"Atualizado em 21 de mar\u00e7o de 2017"},"absolute_dates_time":{"created":"Publicado em 21 de mar\u00e7o de 2017 15:38","modified":"Atualizado em 21 de mar\u00e7o de 2017 15:38"},"featured_img_caption":"(Foto: Jos\u00e9 Vieira)","series_order":"","jetpack_sharing_enabled":true,"_links":{"self":[{"href":"https:\/\/poloniabrasil.org.br\/site\/wp-json\/wp\/v2\/posts\/1045","targetHints":{"allow":["GET"]}}],"collection":[{"href":"https:\/\/poloniabrasil.org.br\/site\/wp-json\/wp\/v2\/posts"}],"about":[{"href":"https:\/\/poloniabrasil.org.br\/site\/wp-json\/wp\/v2\/types\/post"}],"author":[{"embeddable":true,"href":"https:\/\/poloniabrasil.org.br\/site\/wp-json\/wp\/v2\/users\/1"}],"replies":[{"embeddable":true,"href":"https:\/\/poloniabrasil.org.br\/site\/wp-json\/wp\/v2\/comments?post=1045"}],"version-history":[{"count":0,"href":"https:\/\/poloniabrasil.org.br\/site\/wp-json\/wp\/v2\/posts\/1045\/revisions"}],"wp:featuredmedia":[{"embeddable":true,"href":"https:\/\/poloniabrasil.org.br\/site\/wp-json\/wp\/v2\/media\/1047"}],"wp:attachment":[{"href":"https:\/\/poloniabrasil.org.br\/site\/wp-json\/wp\/v2\/media?parent=1045"}],"wp:term":[{"taxonomy":"category","embeddable":true,"href":"https:\/\/poloniabrasil.org.br\/site\/wp-json\/wp\/v2\/categories?post=1045"},{"taxonomy":"post_tag","embeddable":true,"href":"https:\/\/poloniabrasil.org.br\/site\/wp-json\/wp\/v2\/tags?post=1045"}],"curies":[{"name":"wp","href":"https:\/\/api.w.org\/{rel}","templated":true}]}}